{"id":330327,"date":"2025-08-19T23:12:13","date_gmt":"2025-08-19T23:12:13","guid":{"rendered":"https:\/\/www.europesays.com\/fr\/330327\/"},"modified":"2025-08-19T23:12:13","modified_gmt":"2025-08-19T23:12:13","slug":"previsions-du-mercredi-20-aout-2025-2","status":"publish","type":"post","link":"https:\/\/www.europesays.com\/fr\/330327\/","title":{"rendered":"pr\u00e9visions du mercredi 20 ao\u00fbt 2025"},"content":{"rendered":"<p>Le soleil fera d\u00e9faut aujourd&rsquo;hui, \u00e0 Nantes, car le ciel sera couvert par des nuages. Les valeurs afficheront entre 15 et 27\u00b0C. D&rsquo;un autre c\u00f4t\u00e9, le ciel sera relativement lumineux, avec quelques \u00e9claircies le matin. Un vent de sud-ouest soufflera doucement. L&rsquo;apr\u00e8s-midi, les perturbations seront toujours au rendez-vous avec des nuages. De petites averses auront lieu. Les temp\u00e9ratures s&rsquo;\u00e9chelonneront entre 20\u00b0C et 27\u00b0C. La soir\u00e9e sera marqu\u00e9e par des pluies \u00e9parses. On pr\u00e9voit une nuit brumeuse entre mercredi et jeudi.<\/p>\n<p>Demain, les Nantais vont pouvoir profiter d&rsquo;un soleil magnifique. On anticipe des valeurs d&rsquo;environ 21\u00b0C. Une l\u00e9g\u00e8re brise de nord-est sera ressentie par les habitants. Les temp\u00e9ratures vont monter pendant l&rsquo;apr\u00e8s-midi de plusieurs degr\u00e9s. Les valeurs seront comprises entre 26 et 28\u00b0C. Il va faire environ 22\u00b0C, demain soir.<\/p>\n<p>Pour les prochains jours, la m\u00e9t\u00e9o ne changera pas. Il va faire un temps plut\u00f4t ensoleill\u00e9 avec des temp\u00e9ratures autour de 29\u00b0C.<\/p>\n<p><\/p>\n","protected":false},"excerpt":{"rendered":"Le soleil fera d\u00e9faut aujourd&rsquo;hui, \u00e0 Nantes, car le ciel sera couvert par des nuages. Les valeurs afficheront&hellip;\n","protected":false},"author":2,"featured_media":330328,"comment_status":"","ping_status":"","sticky":false,"template":"","format":"standard","meta":{"footnotes":""},"categories":[2818],"tags":[1111,11,1777,674,1011,27,3047,766,12,2636,2119,25],"class_list":{"0":"post-330327","1":"post","2":"type-post","3":"status-publish","4":"format-standard","5":"has-post-thumbnail","7":"category-nantes","8":"tag-actu","9":"tag-actualites","10":"tag-eu","11":"tag-europe","12":"tag-fr","13":"tag-france","14":"tag-loire-atlantique","15":"tag-nantes","16":"tag-news","17":"tag-pays-de-la-loire","18":"tag-previsions-meteo","19":"tag-republique-francaise"},"share_on_mastodon":{"url":"https:\/\/pubeurope.com\/@fr\/115057966658590121","error":""},"_links":{"self":[{"href":"https:\/\/www.europesays.com\/fr\/wp-json\/wp\/v2\/posts\/330327","targetHints":{"allow":["GET"]}}],"collection":[{"href":"https:\/\/www.europesays.com\/fr\/wp-json\/wp\/v2\/posts"}],"about":[{"href":"https:\/\/www.europesays.com\/fr\/wp-json\/wp\/v2\/types\/post"}],"author":[{"embeddable":true,"href":"https:\/\/www.europesays.com\/fr\/wp-json\/wp\/v2\/users\/2"}],"replies":[{"embeddable":true,"href":"https:\/\/www.europesays.com\/fr\/wp-json\/wp\/v2\/comments?post=330327"}],"version-history":[{"count":0,"href":"https:\/\/www.europesays.com\/fr\/wp-json\/wp\/v2\/posts\/330327\/revisions"}],"wp:featuredmedia":[{"embeddable":true,"href":"https:\/\/www.europesays.com\/fr\/wp-json\/wp\/v2\/media\/330328"}],"wp:attachment":[{"href":"https:\/\/www.europesays.com\/fr\/wp-json\/wp\/v2\/media?parent=330327"}],"wp:term":[{"taxonomy":"category","embeddable":true,"href":"https:\/\/www.europesays.com\/fr\/wp-json\/wp\/v2\/categories?post=330327"},{"taxonomy":"post_tag","embeddable":true,"href":"https:\/\/www.europesays.com\/fr\/wp-json\/wp\/v2\/tags?post=330327"}],"curies":[{"name":"wp","href":"https:\/\/api.w.org\/{rel}","templated":true}]}}