{"id":330329,"date":"2025-08-19T23:13:11","date_gmt":"2025-08-19T23:13:11","guid":{"rendered":"https:\/\/www.europesays.com\/fr\/330329\/"},"modified":"2025-08-19T23:13:11","modified_gmt":"2025-08-19T23:13:11","slug":"previsions-du-mercredi-20-aout-2025-3","status":"publish","type":"post","link":"https:\/\/www.europesays.com\/fr\/330329\/","title":{"rendered":"pr\u00e9visions du mercredi 20 ao\u00fbt 2025"},"content":{"rendered":"<p>Aujourd&rsquo;hui, des nuages se montreront sur Bordeaux. Les valeurs afficheront entre 15 et 25\u00b0C. Il va pleuvoir le matin. Un vent de sud-ouest rafra\u00eechira l\u00e9g\u00e8rement l&rsquo;atmosph\u00e8re. Des orages atteindront la ville dans l&rsquo;apr\u00e8s-midi. D&rsquo;un autre c\u00f4t\u00e9, l&rsquo;air ambiant va se r\u00e9chauffer avec une augmentation de quelques degr\u00e9s. Les temp\u00e9ratures s&rsquo;\u00e9chelonneront de 23 \u00e0 25\u00b0C. Le soir, le mercure affichera 20\u00b0C en moyenne. Entre mercredi et jeudi, la nuit sera brumeuse.<\/p>\n<p>Demain, on verra l&rsquo;apparition de nuages \u00e0 Bordeaux. Mauvais temps : on pr\u00e9voit des pluies \u00e9parses. C&rsquo;est une hausse de quelques degr\u00e9s que vont conna\u00eetre les temp\u00e9ratures. Les valeurs s&rsquo;\u00e9chelonneront entre 16 et 26\u00b0C. Un modeste vent de nord sera ressenti par les habitants. Dans la matin\u00e9e, les temp\u00e9ratures tourneront autour des 20\u00b0C. Demain apr\u00e8s-midi, le soleil sera cach\u00e9 derri\u00e8re des nuages. En revanche, les temp\u00e9ratures vont enregistrer une augmentation de plusieurs degr\u00e9s. Les valeurs seront de 23\u00b0C au plus bas et de 26\u00b0C au plus haut. Le ciel va quelque peu se d\u00e9gager dans la soir\u00e9e avec des \u00e9claircies.<\/p>\n<p>Le temps va s&rsquo;am\u00e9liorer dans les journ\u00e9es qui suivent. Il va faire un temps plut\u00f4t ensoleill\u00e9 avec des temp\u00e9ratures avoisinant 31\u00b0C.<\/p>\n<p><\/p>\n","protected":false},"excerpt":{"rendered":"Aujourd&rsquo;hui, des nuages se montreront sur Bordeaux. Les valeurs afficheront entre 15 et 25\u00b0C. Il va pleuvoir le&hellip;\n","protected":false},"author":2,"featured_media":330330,"comment_status":"","ping_status":"","sticky":false,"template":"","format":"standard","meta":{"footnotes":""},"categories":[2817],"tags":[1111,11,3177,1997,1777,674,1011,27,2905,12,2219,2119,25],"class_list":{"0":"post-330329","1":"post","2":"type-post","3":"status-publish","4":"format-standard","5":"has-post-thumbnail","7":"category-bordeaux","8":"tag-actu","9":"tag-actualites","10":"tag-aquitaine","11":"tag-bordeaux","12":"tag-eu","13":"tag-europe","14":"tag-fr","15":"tag-france","16":"tag-gironde","17":"tag-news","18":"tag-nouvelle-aquitaine","19":"tag-previsions-meteo","20":"tag-republique-francaise"},"share_on_mastodon":{"url":"https:\/\/pubeurope.com\/@fr\/115057970652157982","error":""},"_links":{"self":[{"href":"https:\/\/www.europesays.com\/fr\/wp-json\/wp\/v2\/posts\/330329","targetHints":{"allow":["GET"]}}],"collection":[{"href":"https:\/\/www.europesays.com\/fr\/wp-json\/wp\/v2\/posts"}],"about":[{"href":"https:\/\/www.europesays.com\/fr\/wp-json\/wp\/v2\/types\/post"}],"author":[{"embeddable":true,"href":"https:\/\/www.europesays.com\/fr\/wp-json\/wp\/v2\/users\/2"}],"replies":[{"embeddable":true,"href":"https:\/\/www.europesays.com\/fr\/wp-json\/wp\/v2\/comments?post=330329"}],"version-history":[{"count":0,"href":"https:\/\/www.europesays.com\/fr\/wp-json\/wp\/v2\/posts\/330329\/revisions"}],"wp:featuredmedia":[{"embeddable":true,"href":"https:\/\/www.europesays.com\/fr\/wp-json\/wp\/v2\/media\/330330"}],"wp:attachment":[{"href":"https:\/\/www.europesays.com\/fr\/wp-json\/wp\/v2\/media?parent=330329"}],"wp:term":[{"taxonomy":"category","embeddable":true,"href":"https:\/\/www.europesays.com\/fr\/wp-json\/wp\/v2\/categories?post=330329"},{"taxonomy":"post_tag","embeddable":true,"href":"https:\/\/www.europesays.com\/fr\/wp-json\/wp\/v2\/tags?post=330329"}],"curies":[{"name":"wp","href":"https:\/\/api.w.org\/{rel}","templated":true}]}}