{"id":330334,"date":"2025-08-19T23:18:29","date_gmt":"2025-08-19T23:18:29","guid":{"rendered":"https:\/\/www.europesays.com\/fr\/330334\/"},"modified":"2025-08-19T23:18:29","modified_gmt":"2025-08-19T23:18:29","slug":"lille-le-voleur-dune-voiture-tente-de-la-revendre-sur-leboncoin-il-est-interpelle-lors-dun-faux-rendez-vous-actualites","status":"publish","type":"post","link":"https:\/\/www.europesays.com\/fr\/330334\/","title":{"rendered":"Lille : le voleur d\u2019une voiture tente de la revendre sur LeBonCoin, il est interpell\u00e9 lors d\u2019un faux rendez-vous : Actualit\u00e9s"},"content":{"rendered":"<p class=\"lead \"><strong>Samedi 16 ao\u00fbt, la police lilloise a tendu un pi\u00e8ge \u00e0 un utilisateur de LeBonCoin qui croyait vendre le recel de son vol \u00e0 un particulier. L&rsquo;\u00e9change a en effet \u00e9t\u00e9 effectu\u00e9 sous la surveillance des forces de l&rsquo;ordre, rapporte Ici.<\/strong><\/p>\n<p class=\"lead \">Tel est pris qui croyait prendre. Comme le rapporte <a href=\"https:\/\/www.francebleu.fr\/infos\/faits-divers-justice\/il-revend-une-voiture-volee-sur-le-bon-coin-il-est-interpelle-par-la-police-lorsqu-il-se-pointe-au-rendez-vous-5963199\" target=\"_blank\" rel=\"nofollow noopener\">Ici Nord<\/a>, un utilisateur de LeBonCoin a eu une tr\u00e8s mauvaise surprise, samedi 16 ao\u00fbt. Tout commence sur la plateforme, lorsqu\u2019un particulier croit reconna\u00eetre au d\u00e9tour d\u2019une annonce\u2026 son propre v\u00e9hicule, qui lui avait \u00e9t\u00e9 vol\u00e9. La victime de vol en est s\u00fbre : c\u2019est bel et bien sa voiture qui est mise en vente. La puce lui est mise \u00e0 l\u2019oreille \u00ab\u00a0gr\u00e2ce aux m\u00eames d\u00e9gradations visibles sur la carrosserie\u00a0\u00bb, a pr\u00e9cis\u00e9 la police nationale. Le l\u00e9gitime propri\u00e9taire de la voiture se d\u00e9cide \u00e0 contacter la police. <\/p>\n<p>                                                                                                Un faux rendez-vous d\u2019achat<\/p>\n<p class=\"lead \">Avec l\u2019assentiment des agents, la victime contacte le vendeur sur la plateforme pour lui proposer un rendez-vous le 16 ao\u00fbt, \u00e0 Lille. Se croyant face \u00e0 un potentiel acheteur, le voleur ne s\u2019est pas m\u00e9fi\u00e9. Une fois arriv\u00e9 au rendez-vous, il a fait face aux policiers et a \u00e9t\u00e9 interpell\u00e9 et plac\u00e9 en garde \u00e0 vue. Les agents ont \u00e9galement d\u00e9couvert l\u2019existence d\u2019une fausse carte grise. <\/p>\n<p class=\"lead \">Pour rappel, si vous avez \u00e9t\u00e9 vol\u00e9 et que vous retrouvez votre bien sur une plateforme de vente d\u2019occasion, le bon geste reste de contacter la police pour b\u00e9n\u00e9ficier de leur protection si l\u2019\u00e9ventuel rendez-vous tournait mal. <\/p>\n<p class=\"lead \">Parfois, le sort tourne en la faveur des victimes : en 2024, un Is\u00e9rois avait retrouv\u00e9 sur LeBonCoin\u2026 sa moto <a href=\"https:\/\/actu.orange.fr\/societe\/insolite\/24-ans-apres-le-vol-de-sa-moto-un-iserois-la-retrouve-en-vente-sur-leboncoin-magic-CNT000002gy8HD.html\" rel=\"nofollow noopener\" target=\"_blank\">vol\u00e9e 20 ans plus t\u00f4t<\/a>. Celle-ci avait une grande valeur sentimentale pour son propri\u00e9taire initial. Le vendeur, qui avait h\u00e9rit\u00e9 du deux-roues sans savoir qu\u2019il avait \u00e9t\u00e9 vol\u00e9, lui avait tout simplement rendu l\u2019objet.<\/p>\n<p class=\"small font-weight-bold text-gray3 \"> publi\u00e9 le 18 ao\u00fbt \u00e0 11h25, Lena Gomez, 6Medias<\/p>\n<p>                             Partager<\/p>\n","protected":false},"excerpt":{"rendered":"Samedi 16 ao\u00fbt, la police lilloise a tendu un pi\u00e8ge \u00e0 un utilisateur de LeBonCoin qui croyait vendre&hellip;\n","protected":false},"author":2,"featured_media":330335,"comment_status":"","ping_status":"","sticky":false,"template":"","format":"standard","meta":{"footnotes":""},"categories":[2815],"tags":[1111,11,1777,674,1011,27,811,1307,12,25],"class_list":{"0":"post-330334","1":"post","2":"type-post","3":"status-publish","4":"format-standard","5":"has-post-thumbnail","7":"category-lille","8":"tag-actu","9":"tag-actualites","10":"tag-eu","11":"tag-europe","12":"tag-fr","13":"tag-france","14":"tag-hauts-de-france","15":"tag-lille","16":"tag-news","17":"tag-republique-francaise"},"share_on_mastodon":{"url":"https:\/\/pubeurope.com\/@fr\/115057990274674068","error":""},"_links":{"self":[{"href":"https:\/\/www.europesays.com\/fr\/wp-json\/wp\/v2\/posts\/330334","targetHints":{"allow":["GET"]}}],"collection":[{"href":"https:\/\/www.europesays.com\/fr\/wp-json\/wp\/v2\/posts"}],"about":[{"href":"https:\/\/www.europesays.com\/fr\/wp-json\/wp\/v2\/types\/post"}],"author":[{"embeddable":true,"href":"https:\/\/www.europesays.com\/fr\/wp-json\/wp\/v2\/users\/2"}],"replies":[{"embeddable":true,"href":"https:\/\/www.europesays.com\/fr\/wp-json\/wp\/v2\/comments?post=330334"}],"version-history":[{"count":0,"href":"https:\/\/www.europesays.com\/fr\/wp-json\/wp\/v2\/posts\/330334\/revisions"}],"wp:featuredmedia":[{"embeddable":true,"href":"https:\/\/www.europesays.com\/fr\/wp-json\/wp\/v2\/media\/330335"}],"wp:attachment":[{"href":"https:\/\/www.europesays.com\/fr\/wp-json\/wp\/v2\/media?parent=330334"}],"wp:term":[{"taxonomy":"category","embeddable":true,"href":"https:\/\/www.europesays.com\/fr\/wp-json\/wp\/v2\/categories?post=330334"},{"taxonomy":"post_tag","embeddable":true,"href":"https:\/\/www.europesays.com\/fr\/wp-json\/wp\/v2\/tags?post=330334"}],"curies":[{"name":"wp","href":"https:\/\/api.w.org\/{rel}","templated":true}]}}