{"id":330336,"date":"2025-08-19T23:19:10","date_gmt":"2025-08-19T23:19:10","guid":{"rendered":"https:\/\/www.europesays.com\/fr\/330336\/"},"modified":"2025-08-19T23:19:10","modified_gmt":"2025-08-19T23:19:10","slug":"que-vive-notre-patrimoine-commun","status":"publish","type":"post","link":"https:\/\/www.europesays.com\/fr\/330336\/","title":{"rendered":"Que vive notre patrimoine commun !"},"content":{"rendered":"\n<p>Gageons qu\u2019il n\u2019est jamais trop tard pour rattraper le temps perdu. Gageons aussi que cet adage s\u2019applique \u00e0 la protection du patrimoine b\u00e2ti. Car aujourd\u2019hui il y a urgence, notamment \u00e0 Marseille, pour agir et pr\u00e9server les monuments historiques des outrages du temps, du vandalisme de toute sorte ou, pire encore, de l\u2019indiff\u00e9rence.<\/p>\n<p>La cit\u00e9 phoc\u00e9enne, plus ancienne cit\u00e9 de France avec ses vingt-six\u00a0si\u00e8cles d\u2019existence, a longtemps subi la mauvaise r\u00e9putation d\u2019\u00eatre une ville sans t\u00e9moins solides de sa longue histoire, les \u00e9difices. Rien de plus faux. Encore fallait-il une volont\u00e9 politique pour mettre au rang des priorit\u00e9s la protection des b\u00e2timents, souligner leur port\u00e9e et leur valeur historique. C\u2019est la mission des fonctionnaires du minist\u00e8re de la culture qui, avec peu de moyens, font preuve d\u2019une \u00e9nergie \u00e0 saluer.<\/p>\n<p>L\u2019expression<br \/>de notre vie<\/p>\n<p>\u00c0 Marseille, comme dans les autres communes des Bouches-du-Rh\u00f4ne et des d\u00e9partements du Var et du Vaucluse, de plus en plus de sites sont d\u00e9sormais inscrits gr\u00e2ce \u00e0 l\u2019action conjugu\u00e9e des fonctionnaires et des associations, au premier rang desquelles Sites et Monuments.<\/p>\n<p>L\u2019inscription aux monuments historiques permet aux habitants, aux visiteurs, de d\u00e9couvrir, via ces b\u00e2timents, leur propre histoire. Car il s\u2019agit ici de \u00ab\u00a0biens communs\u00a0\u00bb, le patrimoine de tous. Une id\u00e9e issue de la R\u00e9volution fran\u00e7aise et des principes de<br \/>la R\u00e9publique. Aussi, chaque atteinte \u00e0 un \u00e9difice est une blessure, l\u2019amputation d\u2019une m\u00e9moire. A contrario, chaque geste de protection permet de ne pas effacer le pass\u00e9. Les monuments historiques sont plus que des pierres. Ils sont l\u2019expression de notre vie sociale.<\/p>\n","protected":false},"excerpt":{"rendered":"Gageons qu\u2019il n\u2019est jamais trop tard pour rattraper le temps perdu. Gageons aussi que cet adage s\u2019applique \u00e0&hellip;\n","protected":false},"author":2,"featured_media":330337,"comment_status":"","ping_status":"","sticky":false,"template":"","format":"standard","meta":{"footnotes":""},"categories":[2814],"tags":[1111,11,1777,674,1011,27,884,21922,12,882,25],"class_list":{"0":"post-330336","1":"post","2":"type-post","3":"status-publish","4":"format-standard","5":"has-post-thumbnail","7":"category-marseille","8":"tag-actu","9":"tag-actualites","10":"tag-eu","11":"tag-europe","12":"tag-fr","13":"tag-france","14":"tag-marseille","15":"tag-monuments","16":"tag-news","17":"tag-provence-alpes-cote-dazur","18":"tag-republique-francaise"},"share_on_mastodon":{"url":"https:\/\/pubeurope.com\/@fr\/115057994193128683","error":""},"_links":{"self":[{"href":"https:\/\/www.europesays.com\/fr\/wp-json\/wp\/v2\/posts\/330336","targetHints":{"allow":["GET"]}}],"collection":[{"href":"https:\/\/www.europesays.com\/fr\/wp-json\/wp\/v2\/posts"}],"about":[{"href":"https:\/\/www.europesays.com\/fr\/wp-json\/wp\/v2\/types\/post"}],"author":[{"embeddable":true,"href":"https:\/\/www.europesays.com\/fr\/wp-json\/wp\/v2\/users\/2"}],"replies":[{"embeddable":true,"href":"https:\/\/www.europesays.com\/fr\/wp-json\/wp\/v2\/comments?post=330336"}],"version-history":[{"count":0,"href":"https:\/\/www.europesays.com\/fr\/wp-json\/wp\/v2\/posts\/330336\/revisions"}],"wp:featuredmedia":[{"embeddable":true,"href":"https:\/\/www.europesays.com\/fr\/wp-json\/wp\/v2\/media\/330337"}],"wp:attachment":[{"href":"https:\/\/www.europesays.com\/fr\/wp-json\/wp\/v2\/media?parent=330336"}],"wp:term":[{"taxonomy":"category","embeddable":true,"href":"https:\/\/www.europesays.com\/fr\/wp-json\/wp\/v2\/categories?post=330336"},{"taxonomy":"post_tag","embeddable":true,"href":"https:\/\/www.europesays.com\/fr\/wp-json\/wp\/v2\/tags?post=330336"}],"curies":[{"name":"wp","href":"https:\/\/api.w.org\/{rel}","templated":true}]}}