{"id":330338,"date":"2025-08-19T23:20:16","date_gmt":"2025-08-19T23:20:16","guid":{"rendered":"https:\/\/www.europesays.com\/fr\/330338\/"},"modified":"2025-08-19T23:20:16","modified_gmt":"2025-08-19T23:20:16","slug":"previsions-du-mercredi-20-aout-2025-4","status":"publish","type":"post","link":"https:\/\/www.europesays.com\/fr\/330338\/","title":{"rendered":"pr\u00e9visions du mercredi 20 ao\u00fbt 2025"},"content":{"rendered":"<p>\u00c0 Marseille les temp\u00e9ratures iront de 23 \u00e0 26\u00b0C sur l&rsquo;ensemble de la journ\u00e9e. Le matin, le soleil sera dissimul\u00e9 derri\u00e8re des nuages. Des pluies \u00e9parses tomberont. Les temp\u00e9ratures tourneront autour des 24\u00b0C. Un petit vent de nord-ouest soufflera. Cet apr\u00e8s-midi sera synonyme de grand soleil. Les valeurs seront de 25\u00b0C au minimum et de 26\u00b0C au maximum. Il va faire 26\u00b0C en moyenne le soir. Une nuit claire vous attendra entre mercredi et jeudi.<\/p>\n<p>Un bel ensoleillement est pr\u00e9vu demain \u00e0 Marseille. Les temp\u00e9ratures vont descendre de quelques degr\u00e9s. Les valeurs seront comprises entre 21 et 26\u00b0C. Les valeurs s&rsquo;\u00e9chelonneront entre 22 et 26\u00b0C durant la matin\u00e9e. Un vent de nord-ouest soufflera \u00e0 26 km\/h. Les maximales atteindront les 26\u00b0C dans l&rsquo;apr\u00e8s-midi tandis que les minimales seront de 23\u00b0C. Demain soir, la ville sera touch\u00e9e par un vent de nord-ouest de 31 km\/h.<\/p>\n<p>Peu de changements au fil des jours. Il fera 29\u00b0C en moyenne pour des journ\u00e9es avec une m\u00e9t\u00e9o ensoleill\u00e9e.<\/p>\n<p><\/p>\n","protected":false},"excerpt":{"rendered":"\u00c0 Marseille les temp\u00e9ratures iront de 23 \u00e0 26\u00b0C sur l&rsquo;ensemble de la journ\u00e9e. Le matin, le soleil&hellip;\n","protected":false},"author":2,"featured_media":330339,"comment_status":"","ping_status":"","sticky":false,"template":"","format":"standard","meta":{"footnotes":""},"categories":[2814],"tags":[1111,11,885,1777,674,1011,27,884,12,883,2119,882,25],"class_list":{"0":"post-330338","1":"post","2":"type-post","3":"status-publish","4":"format-standard","5":"has-post-thumbnail","7":"category-marseille","8":"tag-actu","9":"tag-actualites","10":"tag-bouches-du-rhone","11":"tag-eu","12":"tag-europe","13":"tag-fr","14":"tag-france","15":"tag-marseille","16":"tag-news","17":"tag-paca","18":"tag-previsions-meteo","19":"tag-provence-alpes-cote-dazur","20":"tag-republique-francaise"},"share_on_mastodon":{"url":"https:\/\/pubeurope.com\/@fr\/115057998099371116","error":""},"_links":{"self":[{"href":"https:\/\/www.europesays.com\/fr\/wp-json\/wp\/v2\/posts\/330338","targetHints":{"allow":["GET"]}}],"collection":[{"href":"https:\/\/www.europesays.com\/fr\/wp-json\/wp\/v2\/posts"}],"about":[{"href":"https:\/\/www.europesays.com\/fr\/wp-json\/wp\/v2\/types\/post"}],"author":[{"embeddable":true,"href":"https:\/\/www.europesays.com\/fr\/wp-json\/wp\/v2\/users\/2"}],"replies":[{"embeddable":true,"href":"https:\/\/www.europesays.com\/fr\/wp-json\/wp\/v2\/comments?post=330338"}],"version-history":[{"count":0,"href":"https:\/\/www.europesays.com\/fr\/wp-json\/wp\/v2\/posts\/330338\/revisions"}],"wp:featuredmedia":[{"embeddable":true,"href":"https:\/\/www.europesays.com\/fr\/wp-json\/wp\/v2\/media\/330339"}],"wp:attachment":[{"href":"https:\/\/www.europesays.com\/fr\/wp-json\/wp\/v2\/media?parent=330338"}],"wp:term":[{"taxonomy":"category","embeddable":true,"href":"https:\/\/www.europesays.com\/fr\/wp-json\/wp\/v2\/categories?post=330338"},{"taxonomy":"post_tag","embeddable":true,"href":"https:\/\/www.europesays.com\/fr\/wp-json\/wp\/v2\/tags?post=330338"}],"curies":[{"name":"wp","href":"https:\/\/api.w.org\/{rel}","templated":true}]}}