{"id":330340,"date":"2025-08-19T23:21:09","date_gmt":"2025-08-19T23:21:09","guid":{"rendered":"https:\/\/www.europesays.com\/fr\/330340\/"},"modified":"2025-08-19T23:21:09","modified_gmt":"2025-08-19T23:21:09","slug":"previsions-du-mercredi-20-aout-2025-5","status":"publish","type":"post","link":"https:\/\/www.europesays.com\/fr\/330340\/","title":{"rendered":"pr\u00e9visions du mercredi 20 ao\u00fbt 2025"},"content":{"rendered":"<p>Les nuages en pr\u00e9vision aujourd&rsquo;hui, \u00e0 Lyon, et un ciel encore gris. Les temp\u00e9ratures seront de 19\u00b0C. Le matin, le soleil sera dissimul\u00e9 derri\u00e8re des nuages. Des pluies \u00e9parses sont pr\u00e9vues. Un petit vent de nord-ouest sera ressenti par les habitants. De l\u00e9g\u00e8res averses sont \u00e0 pr\u00e9voir dans l&rsquo;apr\u00e8s-midi. Les valeurs s&rsquo;\u00e9chelonneront entre 18\u00b0C et 23\u00b0C. Le soir, le vent va peu \u00e0 peu \u00e9loigner la grisaille. C&rsquo;est un ciel d\u00e9pourvu de nuages que conna\u00eetra la nuit de mercredi \u00e0 jeudi.<\/p>\n<p>Les nuages seront visibles demain \u00e0 Lyon. On pr\u00e9voit des temp\u00e9ratures avoisinant 19\u00b0C. Un vent de nord-ouest rafra\u00eechira sensiblement l&rsquo;atmosph\u00e8re. En revanche, petits et grands pourront passer leur matin\u00e9e sous un ciel un peu nuageux. Demain apr\u00e8s-midi, c&rsquo;est sur un ciel tapiss\u00e9 de nuages qu&rsquo;il faudra compter. Des pluies \u00e9parses vont tomber sur la ville. Les valeurs afficheront entre 19 et 22\u00b0C. Toujours de la grisaille demain soir. Les nuages vont stationner. La m\u00e9t\u00e9o sera marqu\u00e9e par des pluies \u00e9parses.<\/p>\n<p>Le temps va s&rsquo;am\u00e9liorer dans les jours suivants. Des temp\u00e9ratures dans les 27\u00b0C iront de pair avec un ciel ensoleill\u00e9.<\/p>\n<p><\/p>\n","protected":false},"excerpt":{"rendered":"Les nuages en pr\u00e9vision aujourd&rsquo;hui, \u00e0 Lyon, et un ciel encore gris. Les temp\u00e9ratures seront de 19\u00b0C. Le&hellip;\n","protected":false},"author":2,"featured_media":330341,"comment_status":"","ping_status":"","sticky":false,"template":"","format":"standard","meta":{"footnotes":""},"categories":[1889],"tags":[1111,11,2430,1777,674,1011,27,2428,12,2119,25,2429,2431],"class_list":{"0":"post-330340","1":"post","2":"type-post","3":"status-publish","4":"format-standard","5":"has-post-thumbnail","7":"category-lyon","8":"tag-actu","9":"tag-actualites","10":"tag-auvergne-rhone-alpes","11":"tag-eu","12":"tag-europe","13":"tag-fr","14":"tag-france","15":"tag-lyon","16":"tag-news","17":"tag-previsions-meteo","18":"tag-republique-francaise","19":"tag-rhone","20":"tag-rhone-alpes"},"share_on_mastodon":{"url":"https:\/\/pubeurope.com\/@fr\/115058002038799715","error":""},"_links":{"self":[{"href":"https:\/\/www.europesays.com\/fr\/wp-json\/wp\/v2\/posts\/330340","targetHints":{"allow":["GET"]}}],"collection":[{"href":"https:\/\/www.europesays.com\/fr\/wp-json\/wp\/v2\/posts"}],"about":[{"href":"https:\/\/www.europesays.com\/fr\/wp-json\/wp\/v2\/types\/post"}],"author":[{"embeddable":true,"href":"https:\/\/www.europesays.com\/fr\/wp-json\/wp\/v2\/users\/2"}],"replies":[{"embeddable":true,"href":"https:\/\/www.europesays.com\/fr\/wp-json\/wp\/v2\/comments?post=330340"}],"version-history":[{"count":0,"href":"https:\/\/www.europesays.com\/fr\/wp-json\/wp\/v2\/posts\/330340\/revisions"}],"wp:featuredmedia":[{"embeddable":true,"href":"https:\/\/www.europesays.com\/fr\/wp-json\/wp\/v2\/media\/330341"}],"wp:attachment":[{"href":"https:\/\/www.europesays.com\/fr\/wp-json\/wp\/v2\/media?parent=330340"}],"wp:term":[{"taxonomy":"category","embeddable":true,"href":"https:\/\/www.europesays.com\/fr\/wp-json\/wp\/v2\/categories?post=330340"},{"taxonomy":"post_tag","embeddable":true,"href":"https:\/\/www.europesays.com\/fr\/wp-json\/wp\/v2\/tags?post=330340"}],"curies":[{"name":"wp","href":"https:\/\/api.w.org\/{rel}","templated":true}]}}