{"id":330346,"date":"2025-08-19T23:26:24","date_gmt":"2025-08-19T23:26:24","guid":{"rendered":"https:\/\/www.europesays.com\/fr\/330346\/"},"modified":"2025-08-19T23:26:24","modified_gmt":"2025-08-19T23:26:24","slug":"la-france-na-pas-de-lecons-a-recevoir-repond-paris-a-netanyahou-qui-accuse-macron-dalimenter-le-feu-antisemite","status":"publish","type":"post","link":"https:\/\/www.europesays.com\/fr\/330346\/","title":{"rendered":"La France n&rsquo;a &lsquo;pas de le\u00e7ons \u00e0 recevoir&rsquo;, r\u00e9pond Paris \u00e0 Netanyahou qui accuse Macron &lsquo;d&rsquo;alimenter le feu antis\u00e9mite&rsquo;"},"content":{"rendered":"<p>La France n&rsquo;a \u00ab\u00a0pas de le\u00e7ons \u00e0 recevoir dans la lutte contre l&rsquo;antis\u00e9mitisme\u00a0\u00bb, a r\u00e9torqu\u00e9 mardi le ministre fran\u00e7ais des Affaires europ\u00e9ennes Benjamin Haddad.<\/p>\n<p>\u00ab\u00a0Je voudrais dire de fa\u00e7on tr\u00e8s claire et tr\u00e8s ferme que ce sujet de l&rsquo;antis\u00e9mitisme qui empoisonne nos soci\u00e9t\u00e9s europ\u00e9ennes, et on a vu une acc\u00e9l\u00e9ration des actes antis\u00e9mites violents depuis les attaques du Hamas du 7-Octobre, on ne peut pas l&rsquo;instrumentaliser\u00a0\u00bb, a affirm\u00e9 sur la cha\u00eene fran\u00e7aise BFMTV le ministre, selon qui les autorit\u00e9s fran\u00e7aises ont \u00ab\u00a0toujours \u00e9t\u00e9 extr\u00eamement mobilis\u00e9es contre l&rsquo;antis\u00e9mitisme\u00a0\u00bb.<\/p>\n<p>La pr\u00e9sidence fran\u00e7aise a d\u00e9nonc\u00e9 mardi comme \u00ab\u00a0erron\u00e9e, abjecte\u00a0\u00bb l&rsquo;accusation du Premier ministre isra\u00e9lien.<\/p>\n<p>La lettre du chef du gouvernement isra\u00e9lien \u00ab\u00a0ne restera pas sans r\u00e9ponse\u00a0\u00bb, a ajout\u00e9 l&rsquo;\u00c9lys\u00e9e, qui a aussi affirm\u00e9 que \u00ab\u00a0la R\u00e9publique prot\u00e8ge et prot\u00e8gera toujours ses compatriotes de confession juive\u00a0\u00bb. \u00ab\u00a0La p\u00e9riode exige gravit\u00e9 et responsabilit\u00e9, pas amalgames et manipulations\u00a0\u00bb, a encore indiqu\u00e9 l&rsquo;\u00c9lys\u00e9e.<\/p>\n","protected":false},"excerpt":{"rendered":"La France n&rsquo;a \u00ab\u00a0pas de le\u00e7ons \u00e0 recevoir dans la lutte contre l&rsquo;antis\u00e9mitisme\u00a0\u00bb, a r\u00e9torqu\u00e9 mardi le ministre&hellip;\n","protected":false},"author":2,"featured_media":330347,"comment_status":"","ping_status":"","sticky":false,"template":"","format":"standard","meta":{"footnotes":""},"categories":[1888],"tags":[1111,1928,11,1927,1777,674,1011,27,12,1926,626,1925,25],"class_list":{"0":"post-330346","1":"post","2":"type-post","3":"status-publish","4":"format-standard","5":"has-post-thumbnail","7":"category-paris","8":"tag-actu","9":"tag-actu-paris","10":"tag-actualites","11":"tag-actualites-paris","12":"tag-eu","13":"tag-europe","14":"tag-fr","15":"tag-france","16":"tag-news","17":"tag-news-paris","18":"tag-paris","19":"tag-paris-news","20":"tag-republique-francaise"},"share_on_mastodon":{"url":"https:\/\/pubeurope.com\/@fr\/115058021657392704","error":""},"_links":{"self":[{"href":"https:\/\/www.europesays.com\/fr\/wp-json\/wp\/v2\/posts\/330346","targetHints":{"allow":["GET"]}}],"collection":[{"href":"https:\/\/www.europesays.com\/fr\/wp-json\/wp\/v2\/posts"}],"about":[{"href":"https:\/\/www.europesays.com\/fr\/wp-json\/wp\/v2\/types\/post"}],"author":[{"embeddable":true,"href":"https:\/\/www.europesays.com\/fr\/wp-json\/wp\/v2\/users\/2"}],"replies":[{"embeddable":true,"href":"https:\/\/www.europesays.com\/fr\/wp-json\/wp\/v2\/comments?post=330346"}],"version-history":[{"count":0,"href":"https:\/\/www.europesays.com\/fr\/wp-json\/wp\/v2\/posts\/330346\/revisions"}],"wp:featuredmedia":[{"embeddable":true,"href":"https:\/\/www.europesays.com\/fr\/wp-json\/wp\/v2\/media\/330347"}],"wp:attachment":[{"href":"https:\/\/www.europesays.com\/fr\/wp-json\/wp\/v2\/media?parent=330346"}],"wp:term":[{"taxonomy":"category","embeddable":true,"href":"https:\/\/www.europesays.com\/fr\/wp-json\/wp\/v2\/categories?post=330346"},{"taxonomy":"post_tag","embeddable":true,"href":"https:\/\/www.europesays.com\/fr\/wp-json\/wp\/v2\/tags?post=330346"}],"curies":[{"name":"wp","href":"https:\/\/api.w.org\/{rel}","templated":true}]}}