{"id":330350,"date":"2025-08-19T23:29:18","date_gmt":"2025-08-19T23:29:18","guid":{"rendered":"https:\/\/www.europesays.com\/fr\/330350\/"},"modified":"2025-08-19T23:29:18","modified_gmt":"2025-08-19T23:29:18","slug":"russie-introduit-lecons-patriotiques-dans-les-ecoles-maternelles-business-am","status":"publish","type":"post","link":"https:\/\/www.europesays.com\/fr\/330350\/","title":{"rendered":"Russie introduit \u00ab\u00a0le\u00e7ons patriotiques\u00a0\u00bb dans les \u00e9coles maternelles &#8211; Business AM"},"content":{"rendered":"<p>                    <img decoding=\"async\" style=\"aspect-ratio:16\/9\" src=\"https:\/\/www.europesays.com\/fr\/wp-content\/uploads\/2025\/08\/Rusland-kleuterscholen-1.jpg\" width=\"100%\" loading=\"eager\"\/><\/p>\n<p>                            <a href=\"https:\/\/fr.businessam.be\/author\/redactie\/\" class=\"author-thumbnail\" style=\"border: 2px inset #00000099;\" rel=\"nofollow noopener\" target=\"_blank\"><img loading=\"lazy\" decoding=\"async\" src=\"https:\/\/www.europesays.com\/fr\/wp-content\/uploads\/2025\/08\/1755646158_891_cropped-favicon-192x192.png\" width=\"80\" height=\"80\" alt=\"Business AM\"\/><\/a>\ue05bpar <a href=\"https:\/\/fr.businessam.be\/author\/redactie\/\" rel=\"nofollow noopener\" target=\"_blank\">Business AM<\/a><br \/>\ue010publi\u00e9 le mardi 19 ao\u00fbt 2025 \u00e0 22:30 \u2022 <br \/>\ue00c3 min de lecture<\/p>\n<p>Principaux renseignements<\/p>\n<ul class=\"wp-block-list\">\n<li><strong>La Russie exp\u00e9rimente un programme visant \u00e0 inculquer des valeurs patriotiques dans au moins 100 \u00e9coles maternelles en Russie et dans les territoires ukrainiens occup\u00e9s.<\/strong><\/li>\n<li><strong>Les le\u00e7ons visent \u00e0 encourager le respect de la culture et de l\u2019histoire russes, \u00e0 promouvoir les valeurs familiales et \u00e0 encourager des traits de caract\u00e8re tels que la gentillesse et l\u2019honn\u00eatet\u00e9.<\/strong><\/li>\n<li>Les critiques consid\u00e8rent le programme comme un endoctrinement politique.<\/li>\n<\/ul>\n<p>Le minist\u00e8re russe de l\u2019\u00c9ducation a annonc\u00e9 mardi que \u00ab\u00a0<a href=\"https:\/\/edu.gov.ru\/press\/10273\/v-novom-uchebnom-godu-nachnetsya-aprobaciya-proekta-razgovory-o-vazhnom-v-detskih-sadah\/\" target=\"_blank\" rel=\"noreferrer noopener nofollow\">Conversations importantes<\/a>\u00ab\u00a0, un programme initialement con\u00e7u pour les \u00e9l\u00e8ves du secondaire, serait exp\u00e9riment\u00e9 dans au moins 100 \u00e9coles maternelles en Russie et dans les territoires ukrainiens occup\u00e9s cet automne. <\/p>\n<p>L\u2019ann\u00e9e derni\u00e8re, le pr\u00e9sident Vladimir Poutine a approuv\u00e9 l\u2019expansion de ces \u00ab\u00a0le\u00e7ons patriotiques\u00a0\u00bb soutenues par l\u2019\u00c9tat, en demandant qu\u2019elles soient dispens\u00e9es aux enfants d\u2019\u00e2ge pr\u00e9scolaire. L\u2019objectif est d\u2019inculquer des valeurs patriotiques d\u00e8s le plus jeune \u00e2ge.<\/p>\n<p>De 3 \u00e0 7 ans<\/p>\n<p>Le programme, qui se d\u00e9roulera de septembre \u00e0 novembre, s\u2019adressera aux enfants \u00e2g\u00e9s de 3 \u00e0 7 ans dans 19 r\u00e9gions russes et dans certaines parties de Donetsk, Luhansk et Zaporizhzhia en <a href=\"https:\/\/fr.businessam.be\/la-russie-revendique-le-controle-permanent-de-la-centrale-nucleaire-de-zaporizhzhia\/\" rel=\"nofollow noopener\" target=\"_blank\">Ukraine<\/a>, actuellement sous contr\u00f4le russe. Selon le minist\u00e8re, les cours seront ax\u00e9s sur la promotion du \u00ab\u00a0respect de la culture et de l\u2019histoire russes\u00a0\u00bb et de \u00ab\u00a0l\u2019amour de la patrie\u00a0\u00bb. Elles viseront \u00e9galement \u00e0 inculquer des valeurs familiales et \u00e0 promouvoir des traits de caract\u00e8re tels que la gentillesse et l\u2019honn\u00eatet\u00e9.<\/p>\n<p>Inqui\u00e9tudes concernant l\u2019endoctrinement<\/p>\n<p>Le ministre de l\u2019\u00e9ducation, Sergei Kravtsov, estime que ce nouveau mat\u00e9riel \u00ab\u00a0adapt\u00e9 \u00e0 l\u2019\u00e2ge\u00a0\u00bb aidera les enfants \u00e0 acqu\u00e9rir une solide compr\u00e9hension des valeurs essentielles de la vie et les pr\u00e9parera \u00e0 devenir des citoyens responsables. <\/p>\n<p>Cependant, les critiques ont qualifi\u00e9 le programme d\u2019endoctrinement politique. Des inqui\u00e9tudes sont apparues lorsque certaines \u00e9coles maternelles participant \u00e0 des programmes pilotes ont habill\u00e9 les enfants en tenue militaire, leur ont fourni des armes jouets et ont simul\u00e9 des blessures sur le champ de bataille \u00e0 l\u2019aide de bandages. La ville de Vologda, dans le nord-ouest de la Russie, a d\u00e9j\u00e0 mis en \u0153uvre ces le\u00e7ons pour les enfants d\u2019\u00e2ge pr\u00e9scolaire en janvier dernier.<\/p>\n","protected":false},"excerpt":{"rendered":"\ue05bpar Business AM\ue010publi\u00e9 le mardi 19 ao\u00fbt 2025 \u00e0 22:30 \u2022 \ue00c3 min de lecture Principaux renseignements La&hellip;\n","protected":false},"author":2,"featured_media":330351,"comment_status":"","ping_status":"","sticky":false,"template":"","format":"standard","meta":{"footnotes":""},"categories":[1591],"tags":[11,1887,12,38301,1885,1886,132],"class_list":{"0":"post-330350","1":"post","2":"type-post","3":"status-publish","4":"format-standard","5":"has-post-thumbnail","7":"category-russie","8":"tag-actualites","9":"tag-federation-de-russie","10":"tag-news","11":"tag-rusland","12":"tag-russia","13":"tag-russian-federation","14":"tag-russie"},"share_on_mastodon":{"url":"https:\/\/pubeurope.com\/@fr\/115058033753775340","error":""},"_links":{"self":[{"href":"https:\/\/www.europesays.com\/fr\/wp-json\/wp\/v2\/posts\/330350","targetHints":{"allow":["GET"]}}],"collection":[{"href":"https:\/\/www.europesays.com\/fr\/wp-json\/wp\/v2\/posts"}],"about":[{"href":"https:\/\/www.europesays.com\/fr\/wp-json\/wp\/v2\/types\/post"}],"author":[{"embeddable":true,"href":"https:\/\/www.europesays.com\/fr\/wp-json\/wp\/v2\/users\/2"}],"replies":[{"embeddable":true,"href":"https:\/\/www.europesays.com\/fr\/wp-json\/wp\/v2\/comments?post=330350"}],"version-history":[{"count":0,"href":"https:\/\/www.europesays.com\/fr\/wp-json\/wp\/v2\/posts\/330350\/revisions"}],"wp:featuredmedia":[{"embeddable":true,"href":"https:\/\/www.europesays.com\/fr\/wp-json\/wp\/v2\/media\/330351"}],"wp:attachment":[{"href":"https:\/\/www.europesays.com\/fr\/wp-json\/wp\/v2\/media?parent=330350"}],"wp:term":[{"taxonomy":"category","embeddable":true,"href":"https:\/\/www.europesays.com\/fr\/wp-json\/wp\/v2\/categories?post=330350"},{"taxonomy":"post_tag","embeddable":true,"href":"https:\/\/www.europesays.com\/fr\/wp-json\/wp\/v2\/tags?post=330350"}],"curies":[{"name":"wp","href":"https:\/\/api.w.org\/{rel}","templated":true}]}}