{"id":330354,"date":"2025-08-19T23:31:12","date_gmt":"2025-08-19T23:31:12","guid":{"rendered":"https:\/\/www.europesays.com\/fr\/330354\/"},"modified":"2025-08-19T23:31:12","modified_gmt":"2025-08-19T23:31:12","slug":"etats-unis-des-crevettes-potentiellement-radioactives-rappelees","status":"publish","type":"post","link":"https:\/\/www.europesays.com\/fr\/330354\/","title":{"rendered":"Etats-Unis: des crevettes potentiellement radioactives rappel\u00e9es"},"content":{"rendered":"<p>    <img src=\"https:\/\/www.europesays.com\/fr\/wp-content\/uploads\/2025\/08\/3c797fe5321d8949c81d4c56cbb5f87e9d1a397e-89862072.jpg\" width=\"1400\" height=\"1050\" alt=\"\" loading=\"eager\" decoding=\"sync\" fetchpriority=\"high\"\/><\/p>\n<p>            Keystone-SDA        <\/p>\n<p>        Des crevettes vendues aux Etats-Unis font l&rsquo;objet d&rsquo;un rappel en raison de leur possible radioactivit\u00e9, ont annonc\u00e9 mardi les autorit\u00e9s am\u00e9ricaines. Import\u00e9s par une entreprise indon\u00e9sienne, ces crustac\u00e9s ont \u00e9t\u00e9 commercialis\u00e9s dans 13 des 50 Etats am\u00e9ricains.\n<\/p>\n<p>        Ce contenu a \u00e9t\u00e9 publi\u00e9 sur    <\/p>\n<p>        20 ao\u00fbt 2025 &#8211; 01:02\n<\/p>\n<p> (Keystone-ATS) Ce rappel survient apr\u00e8s que du c\u00e9sium 137, un radio-isotope connu pour \u00eatre une source de radioactivit\u00e9, a \u00e9t\u00e9 d\u00e9tect\u00e9 par les autorit\u00e9s douani\u00e8res \u00abdans une cargaison de crevettes congel\u00e9es\u00bb de cette soci\u00e9t\u00e9 nomm\u00e9e PT. Bahari Makmur Sejati, pr\u00e9cise l\u2019agence am\u00e9ricaine de contr\u00f4le alimentaire et pharmaceutique (FDA) sur son site en ligne.<\/p>\n<p>Le niveau de C137 mesur\u00e9 \u00e9tait toutefois minime, ajoute la FDA, assurant que \u00able produit ne pr\u00e9senterait pas de danger grave pour les consommateurs\u00bb.<\/p>\n<p>Risque de cancer<\/p>\n<p>Quant aux lots de crevettes d\u00e9j\u00e0 pr\u00e9sents dans les supermarch\u00e9s am\u00e9ricains, leur contamination au C137 n\u2019a pour l\u2019instant pas \u00e9t\u00e9 confirm\u00e9e, ajoute-t-elle.<\/p>\n<p>N\u00e9anmoins, ces produits semblent avoir \u00e9t\u00e9 pr\u00e9par\u00e9s ou conserv\u00e9s \u00abdans des conditions insalubres\u00bb et l\u2019exposition prolong\u00e9e \u00e0 de telles radiations, m\u00eame minimes, est associ\u00e9e \u00e0 \u00abun risque accru de cancer\u00bb, rappelle la FDA.<\/p>\n<p>Pour toutes ces raisons, les autorit\u00e9s am\u00e9ricaines demandent au g\u00e9ant de la distribution Walmart, qui a commercialis\u00e9 le produit, d\u2019organiser une campagne de rappel et aux personnes en possession de lots de ces crevettes de ne pas les consommer.<\/p>\n","protected":false},"excerpt":{"rendered":"Keystone-SDA Des crevettes vendues aux Etats-Unis font l&rsquo;objet d&rsquo;un rappel en raison de leur possible radioactivit\u00e9, ont annonc\u00e9&hellip;\n","protected":false},"author":2,"featured_media":330355,"comment_status":"","ping_status":"","sticky":false,"template":"","format":"standard","meta":{"footnotes":""},"categories":[1589],"tags":[11,73,1866,12,44403,4384,1864,1865,1863,308],"class_list":{"0":"post-330354","1":"post","2":"type-post","3":"status-publish","4":"format-standard","5":"has-post-thumbnail","7":"category-etats-unis","8":"tag-actualites","9":"tag-etats-unis","10":"tag-etats-unis-damerique","11":"tag-news","12":"tag-sda-ready-to-publish","13":"tag-ticker","14":"tag-united-states","15":"tag-united-states-of-america","16":"tag-us","17":"tag-usa"},"share_on_mastodon":{"url":"https:\/\/pubeurope.com\/@fr\/115058041613970678","error":""},"_links":{"self":[{"href":"https:\/\/www.europesays.com\/fr\/wp-json\/wp\/v2\/posts\/330354","targetHints":{"allow":["GET"]}}],"collection":[{"href":"https:\/\/www.europesays.com\/fr\/wp-json\/wp\/v2\/posts"}],"about":[{"href":"https:\/\/www.europesays.com\/fr\/wp-json\/wp\/v2\/types\/post"}],"author":[{"embeddable":true,"href":"https:\/\/www.europesays.com\/fr\/wp-json\/wp\/v2\/users\/2"}],"replies":[{"embeddable":true,"href":"https:\/\/www.europesays.com\/fr\/wp-json\/wp\/v2\/comments?post=330354"}],"version-history":[{"count":0,"href":"https:\/\/www.europesays.com\/fr\/wp-json\/wp\/v2\/posts\/330354\/revisions"}],"wp:featuredmedia":[{"embeddable":true,"href":"https:\/\/www.europesays.com\/fr\/wp-json\/wp\/v2\/media\/330355"}],"wp:attachment":[{"href":"https:\/\/www.europesays.com\/fr\/wp-json\/wp\/v2\/media?parent=330354"}],"wp:term":[{"taxonomy":"category","embeddable":true,"href":"https:\/\/www.europesays.com\/fr\/wp-json\/wp\/v2\/categories?post=330354"},{"taxonomy":"post_tag","embeddable":true,"href":"https:\/\/www.europesays.com\/fr\/wp-json\/wp\/v2\/tags?post=330354"}],"curies":[{"name":"wp","href":"https:\/\/api.w.org\/{rel}","templated":true}]}}