{"id":330356,"date":"2025-08-19T23:32:21","date_gmt":"2025-08-19T23:32:21","guid":{"rendered":"https:\/\/www.europesays.com\/fr\/330356\/"},"modified":"2025-08-19T23:32:21","modified_gmt":"2025-08-19T23:32:21","slug":"donald-trump-au-royaume-uni-malaise-geant-avec-la-femme-du-premier-ministre-les-regards-ne-trompent-pas","status":"publish","type":"post","link":"https:\/\/www.europesays.com\/fr\/330356\/","title":{"rendered":"Donald Trump au Royaume-Uni : malaise g\u00e9ant avec la femme du Premier ministre, les regards ne trompent pas"},"content":{"rendered":"<p data-start=\"273\" data-end=\"666\">Quand <a href=\"https:\/\/www.closermag.fr\/bio-people\/donald-trump\" rel=\"nofollow noopener\" target=\"_blank\">Donald Trump<\/a><br \/>\ntraverse l\u2019Atlantique, le spectacle est g\u00e9n\u00e9ralement garanti. Apr\u00e8s<br \/>\navoir jadis <a href=\"https:\/\/www.closermag.fr\/politique\/donald-trump-son-impair-face-a-elizabeth-ii-845915#item=1\" rel=\"nofollow noopener\" target=\"_blank\"><br \/>\nbafou\u00e9 le protocole royal<\/a> face \u00e0 la reine <a href=\"https:\/\/www.closermag.fr\/bio-people\/biographie-elizabeth-ii-112797\" rel=\"nofollow noopener\" target=\"_blank\"><br \/>\nElizabeth II<\/a>, le pr\u00e9sident des \u00c9tats-Unis a cette fois sem\u00e9 le<br \/>\nmalaise en \u00c9cosse.Il y a quelques jours, il est arriv\u00e9 en \u00c9cosse<br \/>\npour une visite express. Dans le pays natal de sa m\u00e8re, <a href=\"https:\/\/www.closermag.fr\/politique\/donald-et-melania-trump-depuis-combien-de-temps-le-couple-est-il-marie-3514068\" rel=\"nofollow noopener\" target=\"_blank\"><br \/>\nl\u2019\u00e9poux de Melania Trump<\/a> a m\u00e9lang\u00e9 golf, diplomatie et<br \/>\nn\u00e9gociations commerciales.<\/p>\n<p data-start=\"685\" data-end=\"1096\">Sur place, il a notamment<br \/>\nlonguement rencontr\u00e9 le Premier ministre britannique. Et<br \/>\n<strong>Donald Trump n\u2019a rien fait comme tout le monde<\/strong>.<br \/>\nSur les marches de son club de golf dans l\u2019Ayrshire, il a organis\u00e9<br \/>\nune conf\u00e9rence de presse\u2026 pour dire tout le bien qu\u2019il pensait de<br \/>\nl\u2019\u00e9pouse de Keir Starmer. \u00ab\u00a0Nous voulons rendre le Premier<br \/>\nministre heureux\u00a0\u00bb, a commenc\u00e9 le pr\u00e9sident am\u00e9ricain au milieu<br \/>\nd\u2019un vacarme pas possible.<\/p>\n<p>\u00ab\u00a0Je risquerais de m&rsquo;attirer<br \/>\ndes ennuis\u00a0\u00bb<\/p>\n<p data-start=\"1098\" data-end=\"1544\">Install\u00e9 \u00e0 c\u00f4t\u00e9 de <a href=\"https:\/\/www.closermag.fr\/politique\/keir-starmer-qui-est-victoria-la-femme-du-nouveau-premier-ministre-britannique-3454607\" rel=\"nofollow noopener\" target=\"_blank\"><br \/>\nVictoria Starmer<\/a>, il a chant\u00e9 ses louanges. <strong>\u00ab\u00a0C\u2019est<br \/>\nune personne respect\u00e9e partout aux \u00c9tats-Unis\u00a0\u00bb<\/strong>,<br \/>\na-t-il lanc\u00e9. De quoi rendre perplexe la Lady, qui ne semblait pas<br \/>\nvraiment d\u2019accord avec Donald Trump&#8230; \u00ab\u00a0Je ne sais pas ce qu\u2019il<br \/>\n(Sir Keir) fait, mais elle est tr\u00e8s respect\u00e9e, autant que lui. Je<br \/>\nne veux pas en dire plus, je risquerais de m\u2019attirer des ennuis.<br \/>\nMais c\u2019est une femme formidable et tr\u00e8s respect\u00e9e\u00a0\u00bb, a-t-il<br \/>\najout\u00e9.<\/p>\n<p data-start=\"1546\" data-end=\"1951\">Et s\u2019ils se sont rencontr\u00e9s<br \/>\nsur les terrains de golf, ce n\u2019est pas du hasard. Car si Donald<br \/>\nTrump est passionn\u00e9 par ce sport, il voulait aussi faire la<br \/>\npromotion de ce green achet\u00e9 il y a plusieurs ann\u00e9es.<br \/>\nOfficieusement, il esp\u00e9rait bien obtenir le soutien de Keir Starmer<br \/>\npour qu\u2019un de ses golfs accueille le tournoi du British Open. Et<br \/>\nc\u2019est aussi l\u00e0 qu\u2019il a longuement rencontr\u00e9 Ursula von der<br \/>\nLeyen.<\/p>\n<p>Donald Trump en pleine \u00ab\u00a0diplomatie du golf\u00a0\u00bb<\/p>\n<p data-start=\"1953\" data-end=\"2421\">Une <strong>\u00ab\u00a0diplomatie du<br \/>\ngolf\u00a0\u00bb<\/strong> que le pr\u00e9sident am\u00e9ricain pratique aussi<br \/>\nr\u00e9guli\u00e8rement aux \u00c9tats-Unis. \u00ab\u00a0Donald Trump se sert de ces<br \/>\noccasions pour faire passer ses messages \u00e0 ses interlocuteurs. Et<br \/>\nles autres hommes politiques pensent que s\u2019ils peuvent le<br \/>\nrencontrer dans le cadre du golf, il sera peut-\u00eatre plus dispos\u00e9 \u00e0<br \/>\naborder des sujets dont il ne parlerait pas devant les<br \/>\ncam\u00e9ras\u00a0\u00bb, analysait d\u2019ailleurs Sean Fergusson, secr\u00e9taire golf<br \/>\net business chez Fore<br \/>\nBusiness.<\/p>\n<p data-start=\"2423\" data-end=\"2797\">On ne sait pas ce qui est<br \/>\nressorti de ses discussions avec le Premier ministre britannique.<br \/>\nMais ses louanges envoy\u00e9es \u00e0 son \u00e9pouse ont fait grand bruit. Les<br \/>\nm\u00e9dias anglo-saxons sont nombreux \u00e0 les avoir point\u00e9es du doigt. Et<br \/>\n\u00e0 se demander la raison de cette d\u00e9claration publique&#8230;<br \/>\n<strong>Une fa\u00e7on pour Donald Trump d\u2019attendrir le mari en brossant<br \/>\nla femme dans le sens du poil ?<\/strong><\/p>\n","protected":false},"excerpt":{"rendered":"Quand Donald Trump traverse l\u2019Atlantique, le spectacle est g\u00e9n\u00e9ralement garanti. Apr\u00e8s avoir jadis bafou\u00e9 le protocole royal face&hellip;\n","protected":false},"author":2,"featured_media":330357,"comment_status":"","ping_status":"","sticky":false,"template":"","format":"standard","meta":{"footnotes":""},"categories":[1588],"tags":[11,548,75,1777,674,12,473,1853,1851,1850,1852],"class_list":{"0":"post-330356","1":"post","2":"type-post","3":"status-publish","4":"format-standard","5":"has-post-thumbnail","7":"category-royaume-uni","8":"tag-actualites","9":"tag-article-simple","10":"tag-donald-trump","11":"tag-eu","12":"tag-europe","13":"tag-news","14":"tag-royaume-uni","15":"tag-royaume-uni-de-grande-bretagne-et-dirlande-du-nord","16":"tag-uk","17":"tag-united-kingdom","18":"tag-united-kingdom-of-great-britain-and-northern-ireland"},"share_on_mastodon":{"url":"https:\/\/pubeurope.com\/@fr\/115058045409500922","error":""},"_links":{"self":[{"href":"https:\/\/www.europesays.com\/fr\/wp-json\/wp\/v2\/posts\/330356","targetHints":{"allow":["GET"]}}],"collection":[{"href":"https:\/\/www.europesays.com\/fr\/wp-json\/wp\/v2\/posts"}],"about":[{"href":"https:\/\/www.europesays.com\/fr\/wp-json\/wp\/v2\/types\/post"}],"author":[{"embeddable":true,"href":"https:\/\/www.europesays.com\/fr\/wp-json\/wp\/v2\/users\/2"}],"replies":[{"embeddable":true,"href":"https:\/\/www.europesays.com\/fr\/wp-json\/wp\/v2\/comments?post=330356"}],"version-history":[{"count":0,"href":"https:\/\/www.europesays.com\/fr\/wp-json\/wp\/v2\/posts\/330356\/revisions"}],"wp:featuredmedia":[{"embeddable":true,"href":"https:\/\/www.europesays.com\/fr\/wp-json\/wp\/v2\/media\/330357"}],"wp:attachment":[{"href":"https:\/\/www.europesays.com\/fr\/wp-json\/wp\/v2\/media?parent=330356"}],"wp:term":[{"taxonomy":"category","embeddable":true,"href":"https:\/\/www.europesays.com\/fr\/wp-json\/wp\/v2\/categories?post=330356"},{"taxonomy":"post_tag","embeddable":true,"href":"https:\/\/www.europesays.com\/fr\/wp-json\/wp\/v2\/tags?post=330356"}],"curies":[{"name":"wp","href":"https:\/\/api.w.org\/{rel}","templated":true}]}}