{"id":330358,"date":"2025-08-19T23:33:34","date_gmt":"2025-08-19T23:33:34","guid":{"rendered":"https:\/\/www.europesays.com\/fr\/330358\/"},"modified":"2025-08-19T23:33:34","modified_gmt":"2025-08-19T23:33:34","slug":"mais-dou-vient-la-phrase-et-a-la-fin-cest-lallemagne-qui-gagne","status":"publish","type":"post","link":"https:\/\/www.europesays.com\/fr\/330358\/","title":{"rendered":"mais d&rsquo;o\u00f9 vient la phrase \u00ab\u00a0et \u00e0 la fin, c&rsquo;est l&rsquo;Allemagne qui gagne\u00a0\u00bb ?"},"content":{"rendered":"\n<p class=\"c-chapo \">\n  L&rsquo;adage s&rsquo;est encore v\u00e9rifi\u00e9 lors du match Allemagne-Alg\u00e9rie (2-1, apr\u00e8s prolongation), mardi soir.\n<\/p>\n<p>            lire plus tard<\/p>\n<p id=\"dialog__title\" class=\"dialog__title\">Pour sauvegarder cet article, connectez-vous ou cr\u00e9ez un compte franceinfo<\/p>\n<p class=\"dialog__description\">Sans paiement. Sans abonnement.<\/p>\n<p>        Fermer la fen\u00eatre d\u2019activation des notifications France Info<\/p>\n<p>            cr\u00e9er votre compte<\/p>\n<p>            se connecter<\/p>\n<p>        Fermer la fen\u00eatre de pr\u00e9sentation<\/p>\n<p>    <img loading=\"lazy\" decoding=\"async\" class=\"signature__image lazyload\" width=\"100\" height=\"100\" data- alt=\"\" src=\"https:\/\/www.europesays.com\/fr\/wp-content\/uploads\/2025\/07\/61b8b997d2d04_pierre-godon.png\"\/><\/p>\n<p>    Publi\u00e9 le 01\/07\/2014 12:04<\/p>\n<p>      Mis \u00e0 jour le 04\/07\/2014 17:38<\/p>\n<p>        Temps de lecture : 3min<\/p>\n<p>    <img decoding=\"async\"  alt=\"L'attaquant anglais Gary Lineker c\u00e9l\u00e8bre son but contre la RFA, en demi-finale de la Coupe du monde, le 4 juillet 1990, \u00e0 Turin (Italie). (SIMON BRUTY \/ GETTY IMAGES CLASSIC)\" width=\"432\" height=\"243\" src=\"https:\/\/www.europesays.com\/fr\/wp-content\/uploads\/2025\/08\/1231873_1.jpg\" fetchpriority=\"high\"\/><\/p>\n<p>      L&rsquo;attaquant anglais Gary Lineker c\u00e9l\u00e8bre son but contre la RFA, en demi-finale de la Coupe du monde, le 4 juillet 1990, \u00e0 Turin (Italie). (SIMON BRUTY \/ GETTY IMAGES CLASSIC)<\/p>\n<p>\u00ab\u00a0Le football est un sport qui se joue \u00e0 onze contre onze, et \u00e0 la fin, c&rsquo;est l&rsquo;Allemagne qui gagne.\u00a0\u00bb\u00a0La traduction de la petite phrase de l&rsquo;attaquant anglais Gary Lineker n&rsquo;est pas tout \u00e0 fait exacte compar\u00e9e \u00e0 l&rsquo;originale en VO\u00a0: \u00ab\u00a0Football is a simple game\u00a0; 22 men chase a ball for 90 minutes and at the end, the Germans always win.\u00a0\u00bb\u00a0N&#8217;emp\u00eache, cela s&rsquo;est encore v\u00e9rifi\u00e9 <a href=\"https:\/\/www.franceinfo.fr\/sports\/foot\/coupe-du-monde\/direct-coupe-du-monde-suivez-le-huitieme-de-finale-entre-l-allemagne-et-l-algerie_635923.html\" target=\"_blank\" rel=\"noopener nofollow\">lors du match de la Mannschaft contre l&rsquo;Alg\u00e9rie<\/a>, lundi 30 juin : deux buts en prolongation\u00a0<a href=\"https:\/\/www.franceinfo.fr\/sports\/foot\/coupe-du-monde\/coupe-du-monde-l-allemagne-elimine-l-algerie-apres-prolongations-2-1-et-affrontera-la-france-en-quarts-de-finale_636181.html\" target=\"_blank\" rel=\"noopener nofollow\">pour une victoire 2-1<\/a>,\u00a0au bout du suspense. Lineker lui-m\u00eame, devenu commentateur sur la BBC,\u00a0n&rsquo;a pas pu s&#8217;emp\u00eacher de tweeter.<\/p>\n<blockquote class=\"twitter-tweet\" lang=\"fr\">\n<p>22 people kick a ball about for 92 minutes and at the end&#8230;.<\/p>\n<p>\u2014 Gary Lineker (@GaryLineker) <a href=\"https:\/\/twitter.com\/GaryLineker\/statuses\/483733452291059713\" rel=\"nofollow noopener\" target=\"_blank\">30 Juin 2014<\/a><\/p><\/blockquote>\n<p>Connaissez-vous l&rsquo;origine de la phrase ? Coup d&rsquo;\u0153il dans le r\u00e9troviseur.\u00a0<\/p>\n<p>4 juillet 1990, \u00e0 Turin. L&rsquo;Angleterre a pour une fois d\u00e9pass\u00e9 toutes ses esp\u00e9rances et s&rsquo;est hiss\u00e9e dans le dernier carr\u00e9 du Mondial en Italie. En face se dresse l&rsquo;Allemagne de l&rsquo;Ouest \u2013 le pays n&rsquo;est pas encore r\u00e9unifi\u00e9. Les Allemands ont perdu en finale en 1986 contre l&rsquo;Argentine, et veulent absolument leur revanche face aux \u00e9quipiers de Diego Maradona. Les Anglais, sortis en quarts de l&rsquo;\u00e9dition pr\u00e9c\u00e9dente par la main et le g\u00e9nie de Maradona, veulent aussi un remake. \u00ab\u00a0On \u00e9tait \u00e9puis\u00e9s, sans carburant\u00a0\u00bb, raconte Gary Lineker, l&rsquo;avant-centre de l&rsquo;Angleterre, dans le magazine <a href=\"http:\/\/www.fourfourtwo.com\/features\/gary-lineker-italia-90-really-it-boiled-down-germany-being-jammy#dRWiMg6zdoX7Ixlz.99\" target=\"_blank\" rel=\"noopener nofollow\">FourFourTwo<\/a> (en anglais).\u00a0<\/p>\n<p>Logiquement, l&rsquo;Allemagne ouvre le score, sur un coup franc d\u00e9vi\u00e9 d&rsquo;Andreas Brehme. Les Anglais, jetant leurs derni\u00e8res forces dans la bataille, \u00e9galisent en toute fin de rencontre par Lineker. La prolongation est \u00e9pique. Les deux \u00e9quipes frappent les montants, sans trouver la faille. Arrive l&rsquo;\u00e9preuve des tirs au but. \u00ab\u00a0On \u00e9tait forts dans cet exercice, je pensais qu&rsquo;on allait gagner\u00a0\u00bb, se souvient Lineker. Chris Waddle et Stuart Peace manquent leur penalty, les Allemands, eux, ne tremblent pas. \u00ab\u00a0Mon monde s&rsquo;est \u00e9croul\u00e9, raconte Pearce \u00e0 <a href=\"http:\/\/www.goal.com\/en\/news\/596\/exclusive\/2009\/07\/23\/1397604\/exclusive-stuart-pearce-relives-the-moment-he-exorcised-his\" target=\"_blank\" rel=\"noopener nofollow\">Goal.com<\/a> en 2009. Son\u00a0penalty manqu\u00e9 est rest\u00e9 dans la l\u00e9gende, outre-Manche. \u00ab\u00a0J&rsquo;ai manqu\u00e9 le penalty le plus important de ma vie. C&rsquo;est ma faute si l&rsquo;Angleterre ne s&rsquo;est pas qualifi\u00e9e pour la finale.\u00a0\u00bb Ce match, splendide, a \u00e9t\u00e9 qualifi\u00e9 de \u00ab\u00a0vraie finale du tournoi\u00a0\u00bb par le capitaine anglais Terry Butcher, et de \u00ab\u00a0classique du football\u00a0\u00bb par l&rsquo;entra\u00eeneur allemand Franz Beckenbauer. C&rsquo;est \u00e0 l&rsquo;issue de la rencontre que Lineker prononce sa phrase l\u00e9gendaire\u00a0: \u00ab\u00a0Le football est un jeu qui se joue \u00e0 onze contre onze, et \u00e0 la fin, c&rsquo;est l&rsquo;Allemagne qui gagne.\u00a0\u00bb<\/p>\n<p>Cette phrase s&rsquo;inscrit dans un contexte bien particulier : la RFA vient de se qualifier pour sa troisi\u00e8me finale de Coupe du monde d&rsquo;affil\u00e9e. Entre 1972 et 1996, elle remporte deux Coupes du monde et trois Euros. Revenu de sa d\u00e9ception, Lineker a mis lui-m\u00eame de l&rsquo;eau dans son vin sur l&rsquo;irr\u00e9sistible force du football allemand\u00a0: \u00ab\u00a0Les gens parlent du mental de gagneurs des Allemands, analyse-t-il dans <a href=\"http:\/\/www.fourfourtwo.com\/features\/gary-lineker-italia-90-really-it-boiled-down-germany-being-jammy#dRWiMg6zdoX7Ixlz.99\" target=\"_blank\" rel=\"noopener nofollow\">FourFourTwo<\/a>. Je ne pense pas que c&rsquo;est l&rsquo;explication de notre d\u00e9faite. Ils \u00e9taient tr\u00e8s tr\u00e8s forts, mais nous aussi. Ils ont juste eu de la chance.\u00a0\u00bb<\/p>\n<p>Si ce n&rsquo;est que de la chance, peut-\u00eatre que les Bleus ont un espoir pour leur quart de finale face aux Allemands, vendredi 4\u00a0juillet, vingt-quatre ans tout pile apr\u00e8s que Lineker eut prononc\u00e9 cette phrase.\u00a0<\/p>\n<p><script async src=\"https:\/\/platform.twitter.com\/widgets.js\" charset=\"utf-8\"><\/script><\/p>\n","protected":false},"excerpt":{"rendered":"L&rsquo;adage s&rsquo;est encore v\u00e9rifi\u00e9 lors du match Allemagne-Alg\u00e9rie (2-1, apr\u00e8s prolongation), mardi soir. lire plus tard Pour sauvegarder&hellip;\n","protected":false},"author":2,"featured_media":330359,"comment_status":"","ping_status":"","sticky":false,"template":"","format":"standard","meta":{"footnotes":""},"categories":[1587],"tags":[11,672,1804,1805,1803,1777,674,1801,12,1802],"class_list":{"0":"post-330358","1":"post","2":"type-post","3":"status-publish","4":"format-standard","5":"has-post-thumbnail","7":"category-allemagne","8":"tag-actualites","9":"tag-allemagne","10":"tag-bundesrepublik-deutschland","11":"tag-de","12":"tag-deutschland","13":"tag-eu","14":"tag-europe","15":"tag-germany","16":"tag-news","17":"tag-republique-federale-dallemagne"},"share_on_mastodon":{"url":"https:\/\/pubeurope.com\/@fr\/115058049354455088","error":""},"_links":{"self":[{"href":"https:\/\/www.europesays.com\/fr\/wp-json\/wp\/v2\/posts\/330358","targetHints":{"allow":["GET"]}}],"collection":[{"href":"https:\/\/www.europesays.com\/fr\/wp-json\/wp\/v2\/posts"}],"about":[{"href":"https:\/\/www.europesays.com\/fr\/wp-json\/wp\/v2\/types\/post"}],"author":[{"embeddable":true,"href":"https:\/\/www.europesays.com\/fr\/wp-json\/wp\/v2\/users\/2"}],"replies":[{"embeddable":true,"href":"https:\/\/www.europesays.com\/fr\/wp-json\/wp\/v2\/comments?post=330358"}],"version-history":[{"count":0,"href":"https:\/\/www.europesays.com\/fr\/wp-json\/wp\/v2\/posts\/330358\/revisions"}],"wp:featuredmedia":[{"embeddable":true,"href":"https:\/\/www.europesays.com\/fr\/wp-json\/wp\/v2\/media\/330359"}],"wp:attachment":[{"href":"https:\/\/www.europesays.com\/fr\/wp-json\/wp\/v2\/media?parent=330358"}],"wp:term":[{"taxonomy":"category","embeddable":true,"href":"https:\/\/www.europesays.com\/fr\/wp-json\/wp\/v2\/categories?post=330358"},{"taxonomy":"post_tag","embeddable":true,"href":"https:\/\/www.europesays.com\/fr\/wp-json\/wp\/v2\/tags?post=330358"}],"curies":[{"name":"wp","href":"https:\/\/api.w.org\/{rel}","templated":true}]}}