{"id":330362,"date":"2025-08-19T23:35:16","date_gmt":"2025-08-19T23:35:16","guid":{"rendered":"https:\/\/www.europesays.com\/fr\/330362\/"},"modified":"2025-08-19T23:35:16","modified_gmt":"2025-08-19T23:35:16","slug":"la-perdition-totale-de-lelite-politique-de-lunion-europeenne","status":"publish","type":"post","link":"https:\/\/www.europesays.com\/fr\/330362\/","title":{"rendered":"La perdition totale de l\u2019\u00e9lite politique de l\u2019Union Europ\u00e9enne"},"content":{"rendered":"<p>Comme si la faillite morale de l\u2019Union Europ\u00e9enne UE et du Royaume-Uni, li\u00e9e \u00e0 leur implication directe dans la guerre par procuration men\u00e9e par l\u2019OTAN en Ukraine, ne suffisait pas, l\u2019UE m\u00e8ne d\u00e9sormais ouvertement ses plans de changement de r\u00e9gime en Serbie, en Hongrie et en Slovaquie. Si elle a \u00e9chou\u00e9 en G\u00e9orgie jusqu\u2019\u00e0 pr\u00e9sent, elle a r\u00e9ussi en Moldavie jusqu\u2019\u00e0 pr\u00e9sent. <\/p>\n<p>La voie pour atteindre ses objectifs est toujours la m\u00eame\u00a0: par le biais de soi-disant ONG \u00e9trang\u00e8res et d\u2019ONG internes dans tous les pays mentionn\u00e9s. Ces ONG re\u00e7oivent leur financement de l\u2019UE, de la Fondation SOROS et d\u2019autres sources. Les int\u00e9r\u00eats de l\u2019OTAN y sont \u00e9galement directement int\u00e9gr\u00e9s.<\/p>\n<p>Leur ing\u00e9rence dans les affaires int\u00e9rieures de ces pays est \u00e9vidente : dans le cas de la Hongrie et de la Slovaquie, elle s\u2019explique par la position politique de leurs gouvernements face \u00e0 la Russie et \u00e0 la guerre de l\u2019OTAN en Ukraine. En tant que membres de l\u2019UE, ces deux pays disposent d\u2019un droit de veto, comme tous les pays de l\u2019UE. Par ce veto, ils ont tent\u00e9 de bloquer tout soutien de l\u2019UE \u00e0 l\u2019Ukraine et de nouvelles sanctions contre la Russie. Ils pr\u00f4nent ouvertement la fin de la guerre et des n\u00e9gociations avec ce pays. Une position inacceptable pour le reste des pays de l\u2019UE. La Commission europ\u00e9enne \u00e0 Bruxelles utilise les questions relatives aux droits humains (par exemple, LHBTI+) et \u00e0 la corruption pour attaquer ces gouvernements et soutenir ouvertement les partis d\u2019opposition qu\u2019elle juge plus mall\u00e9ables \u00e0 son propre programme.<\/p>\n<p>On pourrait s\u2019interroger sur les id\u00e9es des partis au pouvoir en Hongrie et en Slovaquie, mais ils sont \u00e9lus d\u00e9mocratiquement par les \u00e9lecteurs. Et il appartient aux \u00e9lecteurs de ces pays de changer de r\u00e9gime, comme cela devrait \u00eatre le cas dans tout pays souverain. <\/p>\n<p>Les ing\u00e9rences de l\u2019UE en Serbie poursuivent le m\u00eame objectif. La Serbie a d\u00e9pos\u00e9 sa candidature \u00e0 l\u2019UE il y a de nombreuses ann\u00e9es, mais ne souhaite pas renoncer \u00e0 ses relations avec la Russie, qui remontent \u00e0 l\u2019Empire russe. La Serbie compte une population slave pratiquant la religion chr\u00e9tienne orthodoxe, ce qui renforce \u00e9galement ses liens avec la Russie. L\u2019UE souhaite que la Serbie devienne un pays n\u00e9olib\u00e9ral, rompant ses liens avec la Russie et ouvert \u00e0 l\u2019OTAN sur son sol. Le gouvernement serbe actuel refuse de rompre ses liens avec la Russie et refuse l\u2019installation de bases de l\u2019OTAN sur son territoire. Il n\u2019oubliera jamais le bombardement de Belgrade et de l\u2019ensemble des infrastructures du pays par l\u2019OTAN.<\/p>\n<p>Au moment o\u00f9 j\u2019\u00e9cris cet article, des manifestations ont repris \u00e0 Belgrade et dans d\u2019autres villes, orchestr\u00e9es par des ONG \u00e9trang\u00e8res et soi-disant locales, toutes sous la coupe de la Commission europ\u00e9enne de Bruxelles. Aujourd\u2019hui, ils ont incendi\u00e9 le bureau du parti au pouvoir et, par ailleurs, attaqu\u00e9 le Parlement. Les m\u00e9dias europ\u00e9ens les saluent comme des citoyens protestant contre la corruption du gouvernement actuel. Si cela se produisait en France, aux Pays-Bas ou en Allemagne, par exemple, ils seraient qualifi\u00e9s d\u2019\u00e9meutiers violents et arr\u00eat\u00e9s. Cela illustre clairement les m\u00e9thodes utilis\u00e9es par l\u2019UE pour obtenir un changement de r\u00e9gime en Serbie\u00a0: par les manifestations violentes et intimidantes d\u2019une minorit\u00e9 de soi-disant opposants. <\/p>\n<p>C\u2019est comme Kiev en 2014, une fois de plus. On recourt toujours \u00e0 la violence pour renverser le r\u00e9gime. L\u2019UE l\u2019a bien appris de la CIA am\u00e9ricaine. Et elle ne s\u2019arr\u00eate pas. La Serbie doit \u00eatre int\u00e9gr\u00e9e \u00e0 l\u2019UE (et \u00e0 l\u2019OTAN) \u00e0 tout prix, mais aux conditions impos\u00e9es par l\u2019UE. Ce que l\u2019\u00e9lite europ\u00e9enne \u00e0 Bruxelles sous-estime, c\u2019est la population serbe dans son ensemble. Elle a sous-estim\u00e9 la population g\u00e9orgienne dans son ensemble. Il s\u2019agit d\u2019autres cultures, dot\u00e9es d\u2019une tr\u00e8s longue histoire, qui ne sont pas occidentales. Elles sont peut-\u00eatre int\u00e9ress\u00e9es par de bonnes relations \u00e9conomiques avec l\u2019UE sur un pied d\u2019\u00e9galit\u00e9, mais elles ne sont pas int\u00e9ress\u00e9es par les valeurs d\u00e9cadentes de l\u2019Europe occidentale ni par la domination \u00e9conomique. Et encore moins par la pr\u00e9sence de bases de l\u2019OTAN sur leur sol, avec ses armes point\u00e9es sur la Russie..<\/p>\n<p>L\u2019UE est condamn\u00e9e tant que cette \u00e9lite politique europ\u00e9enne, moralement d\u00e9chue, reProstera au pouvoir. Elle s\u2019est transform\u00e9e en un monstre technocratique aux tendances dictatoriales et autodestructrices. Elle est furieuse de ne pouvoir obtenir ce qu\u2019elle veut. Ni concernant la disparition de la Russie, ni concernant l\u2019Ukraine, ni concernant une nouvelle expansion de l\u2019OTAN. Tout est perdu. Elle n\u2019est plus que l\u2019ombre de ses nobles intentions initiales de cr\u00e9er une zone europ\u00e9enne de paix et de coop\u00e9ration, m\u00eame avec la Russie, apr\u00e8s des si\u00e8cles de guerres sur son sol. Elle s\u2019est laiss\u00e9e s\u00e9duire par l\u2019expansion et les guerres de l\u2019OTAN et a provoqu\u00e9 une nouvelle guerre sur le sol europ\u00e9en, dirig\u00e9e contre la Russie. Elle a entrav\u00e9 toute tentative de n\u00e9gociation d\u2019une solution pacifique en Ukraine depuis 2015. Et maintenant, elle a \u00e9galement perdu sa place dans les affaires mondiales, tant sur le plan \u00e9conomique que politique.<\/p>\n<p> L\u2019aspect le plus \u00e9vident de sa chute est son soutien inconditionnel \u00e0 un r\u00e9gime antid\u00e9mocratique, corrompu et infest\u00e9 de n\u00e9onazis \u00e0 Kiev. Ce r\u00e9gime montre au monde que son int\u00e9r\u00eat n\u2019a jamais \u00e9t\u00e9 de d\u00e9fendre la d\u00e9mocratie, mais de s\u2019emparer d\u2019une partie des ressources naturelles de l\u2019est de l\u2019Ukraine, n\u00e9cessaires \u00e0 son d\u00e9veloppement technologique. Des ressources que Zelensky \u00e9tait et est toujours tr\u00e8s d\u00e9sireux de vendre aux entreprises occidentales.<\/p>\n<p>L\u2019aspect le plus \u00e9vident de sa chute est son soutien inconditionnel \u00e0 un r\u00e9gime antid\u00e9mocratique, corrompu et infest\u00e9 de n\u00e9onazis \u00e0 Kiev. Ce r\u00e9gime montre au monde que son int\u00e9r\u00eat n\u2019a jamais \u00e9t\u00e9 de d\u00e9fendre la d\u00e9mocratie, mais de s\u2019emparer d\u2019une partie des ressources naturelles de l\u2019est de l\u2019Ukraine, n\u00e9cessaires \u00e0 son d\u00e9veloppement technologique. Des ressources que Zelensky \u00e9tait et est toujours tr\u00e8s d\u00e9sireux de vendre aux entreprises occidentales.<\/p>\n<p> Tout a mal tourn\u00e9, mais cette m\u00eame \u00e9lite ne l\u2019admettra jamais. Elle d\u00e9fendra son pouvoir \u00e0 tout prix.<\/p>\n<p>Tout a mal tourn\u00e9, mais cette m\u00eame \u00e9lite ne l\u2019admettra jamais. Elle d\u00e9fendra son pouvoir \u00e0 tout prix, m\u00eame si elle sait que celui-ci s\u2019effondre de jour en jour. L\u2019UE s\u2019effondrera, tout comme l\u2019OTAN. Et c\u2019est peut-\u00eatre la meilleure chose qui puisse arriver dans tout ce chaos. Car alors, quelque chose de nouveau et de meilleur pourra rena\u00eetre de ses cendres.<\/p>\n","protected":false},"excerpt":{"rendered":"Comme si la faillite morale de l\u2019Union Europ\u00e9enne UE et du Royaume-Uni, li\u00e9e \u00e0 leur implication directe dans&hellip;\n","protected":false},"author":2,"featured_media":330363,"comment_status":"","ping_status":"","sticky":false,"template":"","format":"standard","meta":{"footnotes":""},"categories":[1586],"tags":[11,1777,674,1779,1011,27,17796,12,25,3329,1778,220,364],"class_list":{"0":"post-330362","1":"post","2":"type-post","3":"status-publish","4":"format-standard","5":"has-post-thumbnail","7":"category-europe","8":"tag-actualites","9":"tag-eu","10":"tag-europe","11":"tag-european-union","12":"tag-fr","13":"tag-france","14":"tag-nato","15":"tag-news","16":"tag-republique-francaise","17":"tag-serbie","18":"tag-ue","19":"tag-ukraine","20":"tag-union-europeenne"},"share_on_mastodon":{"url":"https:\/\/pubeurope.com\/@fr\/115058057237812912","error":""},"_links":{"self":[{"href":"https:\/\/www.europesays.com\/fr\/wp-json\/wp\/v2\/posts\/330362","targetHints":{"allow":["GET"]}}],"collection":[{"href":"https:\/\/www.europesays.com\/fr\/wp-json\/wp\/v2\/posts"}],"about":[{"href":"https:\/\/www.europesays.com\/fr\/wp-json\/wp\/v2\/types\/post"}],"author":[{"embeddable":true,"href":"https:\/\/www.europesays.com\/fr\/wp-json\/wp\/v2\/users\/2"}],"replies":[{"embeddable":true,"href":"https:\/\/www.europesays.com\/fr\/wp-json\/wp\/v2\/comments?post=330362"}],"version-history":[{"count":0,"href":"https:\/\/www.europesays.com\/fr\/wp-json\/wp\/v2\/posts\/330362\/revisions"}],"wp:featuredmedia":[{"embeddable":true,"href":"https:\/\/www.europesays.com\/fr\/wp-json\/wp\/v2\/media\/330363"}],"wp:attachment":[{"href":"https:\/\/www.europesays.com\/fr\/wp-json\/wp\/v2\/media?parent=330362"}],"wp:term":[{"taxonomy":"category","embeddable":true,"href":"https:\/\/www.europesays.com\/fr\/wp-json\/wp\/v2\/categories?post=330362"},{"taxonomy":"post_tag","embeddable":true,"href":"https:\/\/www.europesays.com\/fr\/wp-json\/wp\/v2\/tags?post=330362"}],"curies":[{"name":"wp","href":"https:\/\/api.w.org\/{rel}","templated":true}]}}