{"id":330364,"date":"2025-08-19T23:36:17","date_gmt":"2025-08-19T23:36:17","guid":{"rendered":"https:\/\/www.europesays.com\/fr\/330364\/"},"modified":"2025-08-19T23:36:17","modified_gmt":"2025-08-19T23:36:17","slug":"je-laime-encore-plus-bromance-entre-donald-trump-et-emmanuel-macron-declaration-enflammee","status":"publish","type":"post","link":"https:\/\/www.europesays.com\/fr\/330364\/","title":{"rendered":"\u201cJe l\u2019aime encore plus\u201d : bromance entre Donald Trump et Emmanuel Macron, d\u00e9claration enflamm\u00e9e"},"content":{"rendered":"<p><strong data-start=\"58\" data-end=\"80\">Lundi 18 ao\u00fbt<br \/>\n2025<\/strong>, <a href=\"https:\/\/www.closermag.fr\/politique\/emmanuel-macron-a-washington-le-president-francais-se-fait-remarquer-demblee-et-ce-nest-pas-tres-serieux-3571972\" rel=\"nofollow noopener\" target=\"_blank\"><br \/>\nEmmanuel Macron<\/a> <strong>s\u2019est rendu \u00e0 Washington D.C.<\/strong>,<br \/>\naccompagn\u00e9 du pr\u00e9sident ukrainien Volodymyr Zelensky et de<br \/>\nplusieurs dirigeants europ\u00e9ens, dont Ursula von der Leyen,<br \/>\nFriedrich Merz, Keir Starmer, Giorgia Meloni, Alexander Stubb et<br \/>\nMark Rutte. Ensemble, ils ont \u00e9t\u00e9 <strong>re\u00e7us \u00e0 la Maison-Blanche<br \/>\npar le pr\u00e9sident am\u00e9ricain<\/strong>, Donald Trump, pour une r\u00e9union<br \/>\nin\u00e9dite visant \u00e0 soutenir l\u2019Ukraine et discuter de garanties de<br \/>\ns\u00e9curit\u00e9 face \u00e0 l\u2019agression russe.<\/p>\n<p>Une rencontre au sommet, qui a visiblement beaucoup satisfait<br \/>\n<a href=\"https:\/\/www.closermag.fr\/politique\/donald-trump-a-ose-cette-blague-lourde-de-sens-face-a-volodymyr-zelensky-3572040\" rel=\"nofollow noopener\" target=\"_blank\"><br \/>\nDonald Trump<\/a>. \u00ab\u00a0Tout le monde sait que je connais le<br \/>\npr\u00e9sident Macron depuis le d\u00e9but. C\u2019est la premi\u00e8re personne que<br \/>\nj\u2019ai rencontr\u00e9e, en tant que dirigeant \u00e9tranger. Je <strong>l\u2019ai<br \/>\naim\u00e9 d\u00e8s le premier jour<\/strong>, et je l\u2019aime encore plus<br \/>\naujourd\u2019hui\u00a0\u00bb, a d\u00e9clar\u00e9 l&rsquo;\u00e9poux de <a href=\"https:\/\/www.closermag.fr\/politique\/melania-trump-liee-a-jeffrey-epstein-ces-excuses-publiques-qui-interpellent-3571094\" rel=\"nofollow noopener\" target=\"_blank\"><br \/>\nMelania Trump<\/a>.<\/p>\n<p>Emmanuel Macron, un gars \u00ab\u00a0fort, intelligent\u00a0\u00bb, qui \u00ab\u00a0adore tenir<br \/>\nla main\u00a0\u00bb de Donald Trump ?<\/p>\n<p>Une v\u00e9ritable bromance est n\u00e9e ? Ce n&rsquo;est en tout cas pas la<br \/>\npremi\u00e8re fois que le pr\u00e9sident des \u00c9tats-Unis prononce des paroles<br \/>\n\u00e9logieuses \u00e0 propos de son homologue fran\u00e7ais. D\u00e8s le d\u00e9but, il<br \/>\n\u00e9tait visiblement s\u00e9duit. Dans un \u00e9change rapport\u00e9 au<br \/>\nNew York Times en juillet<br \/>\n2017, il l&rsquo;avait qualifi\u00e9 de <strong>\u00ab\u00a0incroyable pr\u00e9sident de<br \/>\nla France\u00a0\u00bb.<\/strong> Compl\u00e9tant : \u00ab\u00a0C\u2019est un bon gars.<br \/>\nIntelligent. Fort. <strong>Il adore me tenir la main.<\/strong><br \/>\nC\u2019est une tr\u00e8s bonne personne. Et un type coriace\u2026 Je pense qu\u2019il<br \/>\nsera un pr\u00e9sident formidable pour la France\u00a0\u00bb.<\/p>\n<p>De son c\u00f4t\u00e9, lors de ce premier contact, <a href=\"https:\/\/www.closermag.fr\/politique\/brigitte-et-emmanuel-macron-soiree-a-limproviste-pour-le-couple-le-president-a-du-etre-protege-3571067\" rel=\"nofollow noopener\" target=\"_blank\"><br \/>\nle Chef de l&rsquo;\u00c9tat<\/a> avait aussi donn\u00e9 son avis (conquis).<br \/>\n\u00ab\u00a0J\u2019ai eu face \u00e0 moi un <strong>interlocuteur efficace,<br \/>\npragmatique, tr\u00e8s ouvert,<\/strong> avec qui nous avons eu une<br \/>\ndiscussion franche et amicale\u00a0\u00bb.<\/p>\n<p>Il est pourtant arriv\u00e9 que \u00ab\u00a0le ton<br \/>\nmonte\u00a0\u00bb<\/p>\n<p>Et \u00e0 propos de cette rencontre, l&rsquo;\u00e9poux de <a href=\"https:\/\/www.closermag.fr\/people\/brigitte-macron-estivale-ce-detail-bien-pense-qui-twiste-sa-derniere-tenue-3571766\" rel=\"nofollow noopener\" target=\"_blank\"><br \/>\nBrigitte Macron<\/a> a aussi r\u00e9agi. \u00ab\u00a0Nous nous connaissons<br \/>\ndepuis longtemps. <strong>Je lui parle franchement.<\/strong> Il est<br \/>\narriv\u00e9 que le ton monte entre nous, mais contrairement \u00e0 d\u2019autres,<br \/>\n<strong>je ne me moque jamais de lui<\/strong>\u00ab\u00a0, a-t-il<br \/>\ncomment\u00e9 dans les colonnes de Paris Match.<\/p>\n<p>Finalement, entre poign\u00e9es de main viriles, petites piques et<br \/>\nd\u00e9clarations d\u2019amour diplomatique, le <strong>duo<br \/>\nMacron-Trump<\/strong> a offert au monde un feuilleton<br \/>\npolitico-people digne des meilleures s\u00e9ries.<\/p>\n","protected":false},"excerpt":{"rendered":"Lundi 18 ao\u00fbt 2025, Emmanuel Macron s\u2019est rendu \u00e0 Washington D.C., accompagn\u00e9 du pr\u00e9sident ukrainien Volodymyr Zelensky et&hellip;\n","protected":false},"author":2,"featured_media":330365,"comment_status":"","ping_status":"","sticky":false,"template":"","format":"standard","meta":{"footnotes":""},"categories":[2],"tags":[11,548,75,1011,27,12,25],"class_list":{"0":"post-330364","1":"post","2":"type-post","3":"status-publish","4":"format-standard","5":"has-post-thumbnail","7":"category-actualites","8":"tag-actualites","9":"tag-article-simple","10":"tag-donald-trump","11":"tag-fr","12":"tag-france","13":"tag-news","14":"tag-republique-francaise"},"share_on_mastodon":{"url":"https:\/\/pubeurope.com\/@fr\/115058061236581250","error":""},"_links":{"self":[{"href":"https:\/\/www.europesays.com\/fr\/wp-json\/wp\/v2\/posts\/330364","targetHints":{"allow":["GET"]}}],"collection":[{"href":"https:\/\/www.europesays.com\/fr\/wp-json\/wp\/v2\/posts"}],"about":[{"href":"https:\/\/www.europesays.com\/fr\/wp-json\/wp\/v2\/types\/post"}],"author":[{"embeddable":true,"href":"https:\/\/www.europesays.com\/fr\/wp-json\/wp\/v2\/users\/2"}],"replies":[{"embeddable":true,"href":"https:\/\/www.europesays.com\/fr\/wp-json\/wp\/v2\/comments?post=330364"}],"version-history":[{"count":0,"href":"https:\/\/www.europesays.com\/fr\/wp-json\/wp\/v2\/posts\/330364\/revisions"}],"wp:featuredmedia":[{"embeddable":true,"href":"https:\/\/www.europesays.com\/fr\/wp-json\/wp\/v2\/media\/330365"}],"wp:attachment":[{"href":"https:\/\/www.europesays.com\/fr\/wp-json\/wp\/v2\/media?parent=330364"}],"wp:term":[{"taxonomy":"category","embeddable":true,"href":"https:\/\/www.europesays.com\/fr\/wp-json\/wp\/v2\/categories?post=330364"},{"taxonomy":"post_tag","embeddable":true,"href":"https:\/\/www.europesays.com\/fr\/wp-json\/wp\/v2\/tags?post=330364"}],"curies":[{"name":"wp","href":"https:\/\/api.w.org\/{rel}","templated":true}]}}