{"id":330380,"date":"2025-08-19T23:46:14","date_gmt":"2025-08-19T23:46:14","guid":{"rendered":"https:\/\/www.europesays.com\/fr\/330380\/"},"modified":"2025-08-19T23:46:14","modified_gmt":"2025-08-19T23:46:14","slug":"cyclisme-championnats-du-monde-la-selection-des-pays-bas-sans-mathieu-van-der-poel","status":"publish","type":"post","link":"https:\/\/www.europesays.com\/fr\/330380\/","title":{"rendered":"Cyclisme. Championnats du Monde &#8211; La s\u00e9lection des Pays-Bas&#8230; sans Mathieu van der Poel"},"content":{"rendered":"<p>Nous sommes \u00e0 un peu plus d&rsquo;un mois des <strong>Championnats du monde<\/strong> qui se disputeront pour la premi\u00e8re fois sur le continent africain, plus pr\u00e9cis\u00e9ment au Rwanda, et la formation n\u00e9erlandaise de <strong>Koos Moerenhout<\/strong> a d\u00e9j\u00e0 d\u00e9voil\u00e9 sa s\u00e9lection. Au vu du profil, <strong><a href=\"https:\/\/www.cyclismactu.net\/..\/news-cyclisme-vtt-vtt-mathieu-van-der-poel-participera-a-manche-de-coupe-du-monde-aux-gets-89683.html\" target=\"_blank\" rel=\"noopener\">Mathieu van der Poel<\/a><\/strong> avait d\u00e9j\u00e0 annonc\u00e9 son forfait en pr\u00e9f\u00e9rant se consacrer \u00e0 d&rsquo;autres Mondiaux, ceux de VTT cross-country (30 ao\u00fbt au 14 septembre). Le s\u00e9lectionneur de 51 ans a donc d\u00fb faire des choix et a s\u00e9lectionn\u00e9 six coureurs, parmi lesquels figurent : <strong>Thymen Arensman<\/strong>, <strong>Bauke Mollema<\/strong>, <strong>Wout Poels<\/strong>, <strong>Koen Bouwman<\/strong>, <strong>Sam Oomen<\/strong> et <strong>Frank van den Broek<\/strong> pour la course en ligne. <strong>Moerenhout<\/strong> envisage de prendre les m\u00eames coureurs lors des <strong>Championnats d&rsquo;Europe<\/strong>, qui se d\u00e9rouleront en France, \u00e0 Guilherand Granges, sur le parcours de la <strong>Faun Ard\u00e8che Classic<\/strong>, comme il l&rsquo;a indiqu\u00e9 dans un communiqu\u00e9 de presse.<\/p>\n<p>Vid\u00e9o &#8211; Thymen Arensman, double vainqueur d&rsquo;\u00e9tape sur le TDF 2025 ! Lire la suite de l&rsquo;article&#13;<\/p>\n<p>\u00a0<\/p>\n<p>&#13;<br \/>\n<strong>\u00ab\u00a0Nous n\u2019avons pas de leader \u00e9vident cette ann\u00e9e&#8230;\u00a0\u00bb<\/strong>&#13;<\/p>\n<p>\u00ab\u00a0Nous n\u2019avons pas de leader \u00e9vident cette ann\u00e9e, \u00e9tant donn\u00e9 l\u2019absence de Mathieu van der Poel\u00a0\u00bb, d\u00e9bute le N\u00e9erlandais sur l&rsquo;absence du champion du monde 2023. \u00ab\u00a0Cela nous permet d\u2019aborder cette course avec flexibilit\u00e9. Thymen Arensman, double vainqueur d\u2019\u00e9tape sur le Tour, a r\u00e9alis\u00e9 une performance fantastique. Ce sera sans aucun doute un coureur cl\u00e9. Mais plusieurs autres coureurs auront \u00e9galement la possibilit\u00e9 d\u2019\u00eatre l\u00e0 dans le final\u00a0\u00bb, explique-t-il.<\/p>\n<p>&#13;<\/p>\n<p>\u00ab\u00a0Les deux courses (Championnats d&rsquo;Europe et Championnats du monde, ndlr) conviennent au m\u00eame type de coureurs, ceux qui poss\u00e8dent un bon niveau en montagne. Nos chances reposent principalement sur la capacit\u00e9 de nos coureurs \u00e0 anticiper la course et \u00e0 former une \u00e9chapp\u00e9e. D\u2019un autre c\u00f4t\u00e9, ce sera aussi une v\u00e9ritable guerre d\u2019usure. Je pense que ce sera une course o\u00f9 seules les jambes parleront. Les meilleurs coureurs seront naturellement aux avant-postes sur ce parcours. Nos coureurs seront bien pr\u00e9par\u00e9s et poss\u00e8dent les qualit\u00e9s requises, j\u2019esp\u00e8re donc en voir le plus grand nombre possible dans le final. Et peut-\u00eatre m\u00eame cr\u00e9er la surprise\u00a0\u00bb, conclut <strong>Koos Moerenhout<\/strong>, dans un communiqu\u00e9 de presse.<\/p>\n","protected":false},"excerpt":{"rendered":"Nous sommes \u00e0 un peu plus d&rsquo;un mois des Championnats du monde qui se disputeront pour la premi\u00e8re&hellip;\n","protected":false},"author":2,"featured_media":330381,"comment_status":"","ping_status":"","sticky":false,"template":"","format":"standard","meta":{"footnotes":""},"categories":[1411],"tags":[22448,1154,207,211,1011,27,209,60,210,212,208,213],"class_list":{"0":"post-330380","1":"post","2":"type-post","3":"status-publish","4":"format-standard","5":"has-post-thumbnail","7":"category-cyclisme","8":"tag-championnats-du-monde","9":"tag-cycling","10":"tag-cyclisme","11":"tag-ffc","12":"tag-fr","13":"tag-france","14":"tag-route","15":"tag-sports","16":"tag-tour-de-france","17":"tag-uci","18":"tag-velo","19":"tag-world-tour"},"share_on_mastodon":{"url":"https:\/\/pubeurope.com\/@fr\/115058100375823488","error":""},"_links":{"self":[{"href":"https:\/\/www.europesays.com\/fr\/wp-json\/wp\/v2\/posts\/330380","targetHints":{"allow":["GET"]}}],"collection":[{"href":"https:\/\/www.europesays.com\/fr\/wp-json\/wp\/v2\/posts"}],"about":[{"href":"https:\/\/www.europesays.com\/fr\/wp-json\/wp\/v2\/types\/post"}],"author":[{"embeddable":true,"href":"https:\/\/www.europesays.com\/fr\/wp-json\/wp\/v2\/users\/2"}],"replies":[{"embeddable":true,"href":"https:\/\/www.europesays.com\/fr\/wp-json\/wp\/v2\/comments?post=330380"}],"version-history":[{"count":0,"href":"https:\/\/www.europesays.com\/fr\/wp-json\/wp\/v2\/posts\/330380\/revisions"}],"wp:featuredmedia":[{"embeddable":true,"href":"https:\/\/www.europesays.com\/fr\/wp-json\/wp\/v2\/media\/330381"}],"wp:attachment":[{"href":"https:\/\/www.europesays.com\/fr\/wp-json\/wp\/v2\/media?parent=330380"}],"wp:term":[{"taxonomy":"category","embeddable":true,"href":"https:\/\/www.europesays.com\/fr\/wp-json\/wp\/v2\/categories?post=330380"},{"taxonomy":"post_tag","embeddable":true,"href":"https:\/\/www.europesays.com\/fr\/wp-json\/wp\/v2\/tags?post=330380"}],"curies":[{"name":"wp","href":"https:\/\/api.w.org\/{rel}","templated":true}]}}