{"id":330382,"date":"2025-08-19T23:47:12","date_gmt":"2025-08-19T23:47:12","guid":{"rendered":"https:\/\/www.europesays.com\/fr\/330382\/"},"modified":"2025-08-19T23:47:12","modified_gmt":"2025-08-19T23:47:12","slug":"un-rendez-vous-a-deja-eu-lieu-entre-manchester","status":"publish","type":"post","link":"https:\/\/www.europesays.com\/fr\/330382\/","title":{"rendered":"Un rendez-vous a d\u00e9j\u00e0 eu lieu entre Manchester &#8230;"},"content":{"rendered":"<p><img width=\"700\" height=\"350\" src=\"https:\/\/www.europesays.com\/fr\/wp-content\/uploads\/2025\/08\/Donnarumma.jpg\" class=\"attachment-jannah-image-post size-jannah-image-post wp-post-image\" alt=\"Donnarumma\" is_main_img=\"1\" decoding=\"async\" fetchpriority=\"high\"  \/><br \/>\n Image :<br \/>\npsg.fr<\/p>\n<p>Le mercato du <strong>PSG<\/strong> est aujourd\u2019hui anim\u00e9<br \/>\nseulement par les d\u00e9parts. Apr\u00e8s <strong>Nordi Mukiele<\/strong> et<br \/>\n<strong>Milan Skriniar<\/strong>, c\u2019est le dossier <strong>Gianluigi<br \/>\nDonnarumma<\/strong> qui semble \u00eatre le plus avanc\u00e9 pour se<br \/>\nconclure.<\/p>\n<p>Le <strong><a href=\"https:\/\/canal-supporters.com\/\" target=\"_blank\" rel=\"noopener\">PSG<\/a><\/strong> a profit\u00e9 de ce<br \/>\nmercato estival pour aller chercher <strong>Lucas<br \/>\nChevalier<\/strong> et ainsi changer de gardien de but. C\u2019est dans<br \/>\nce contexte et apr\u00e8s des n\u00e9gociations \u00e2pres pour la prolongation de<br \/>\n<strong>Gianluigi Donnarumma<\/strong> que l\u2019Italien est pouss\u00e9 vers<br \/>\nla sortie. Cependant, le gardien de but de 26 ans ne devrait pas<br \/>\ns\u2019attarder sous les cieux parisiens. En effet, un nouveau point de<br \/>\nchute s\u2019est rapidement dessin\u00e9 pour lui, \u00e0 <strong>Manchester<br \/>\nCity<\/strong>. A tel point qu\u2019un rendez-vous se serait d\u00e9j\u00e0 tenu<br \/>\nentre ses repr\u00e9sentants et la direction du club du nord de<br \/>\nl\u2019Angleterre : \u00ab\u00a0Une r\u00e9union a d\u00e9j\u00e0 eu lieu entre ses<br \/>\nagents et Manchester City, qui est pr\u00eat \u00e0 n\u00e9gocier les conditions<br \/>\npersonnelles du joueur, ce n\u2019est pas un probl\u00e8me. Donnarumma est<br \/>\nint\u00e9ress\u00e9 \u00e0 l\u2019id\u00e9e de rejoindre Manchester City et d\u2019\u00e9voluer sous<br \/>\nles ordres de Pep Guardiola\u00ab\u00a0, a d\u00e9clar\u00e9 <strong>Fabrizio<br \/>\nRomano<\/strong> sur DAZN. Le journaliste sp\u00e9cialiste du<br \/>\nmercato a poursuivi : \u00ab\u00a0Ce qu\u2019il faut maintenant pour que<br \/>\nDonnarumma rejoigne Manchester City, c\u2019est qu\u2019Ederson quitte le<br \/>\nclub et rejoigne Galatasaray, qui a fait une offre de 10M\u20ac, jug\u00e9e<br \/>\ninsuffisante Manchester City pour laisser partir Ederson. Affaire \u00e0<br \/>\nsuivre, mais ce que je peux vous confirmer aujourd\u2019hui c\u2019est que si<br \/>\nManchester City vend Ederson \u00e0 Galatasaray, ils devraient conclure<br \/>\nl\u2019affaire avec Donnarumma et donc signer un super<br \/>\ngardien\u00ab\u00a0.<\/p>\n<blockquote class=\"twitter-tweet\" data-width=\"550\" data-dnt=\"true\">\n<p lang=\"fr\" dir=\"ltr\">\ud83d\udde3 | \u00ab\u00a0Une vente d\u2019Ederson permettrait \u00e0 Man City de signer Donnarumma.\u00a0\u00bb \ud83e\udde4\ud83c\uddee\ud83c\uddf9<\/p>\n<p>Les derni\u00e8res informations de Fabrizio Romano sur le transfert du portier italien. \ud83d\uddde <a href=\"https:\/\/t.co\/XgSyA9I95S\">pic.twitter.com\/XgSyA9I95S<\/a><\/p>\n<p>&mdash; DAZN France (@DAZN_FR) <a href=\"https:\/\/twitter.com\/DAZN_FR\/status\/1957787023835537887?ref_src=twsrc%5Etfw\" target=\"_blank\" rel=\"noopener\">August 19, 2025<\/a><\/p><\/blockquote>\n<p><script async src=\"https:\/\/platform.twitter.com\/widgets.js\" charset=\"utf-8\"><\/script><\/p>\n<p>X : <a href=\"https:\/\/x.com\/DAZN_FR\/status\/1957787023835537887\">@DAZN_FR<\/a><\/p>\n<p><script async src=\"https:\/\/platform.twitter.com\/widgets.js\" charset=\"utf-8\"><\/script><\/p>\n","protected":false},"excerpt":{"rendered":"Image : psg.fr Le mercato du PSG est aujourd\u2019hui anim\u00e9 seulement par les d\u00e9parts. Apr\u00e8s Nordi Mukiele et&hellip;\n","protected":false},"author":2,"featured_media":330383,"comment_status":"","ping_status":"","sticky":false,"template":"","format":"standard","meta":{"footnotes":""},"categories":[1410],"tags":[81,13121,63,1011,27,10528,16663,1435,91,92,93,60,96],"class_list":{"0":"post-330382","1":"post","2":"type-post","3":"status-publish","4":"format-standard","5":"has-post-thumbnail","7":"category-football","8":"tag-canal-supporters","9":"tag-donnarumma","10":"tag-football","11":"tag-fr","12":"tag-france","13":"tag-gianluigi-donnarumma","14":"tag-manchester-city","15":"tag-mercato-psg","16":"tag-paris-saint-germain","17":"tag-paris-sg","18":"tag-psg","19":"tag-sports","20":"tag-une"},"share_on_mastodon":{"url":"https:\/\/pubeurope.com\/@fr\/115058104353365110","error":""},"_links":{"self":[{"href":"https:\/\/www.europesays.com\/fr\/wp-json\/wp\/v2\/posts\/330382","targetHints":{"allow":["GET"]}}],"collection":[{"href":"https:\/\/www.europesays.com\/fr\/wp-json\/wp\/v2\/posts"}],"about":[{"href":"https:\/\/www.europesays.com\/fr\/wp-json\/wp\/v2\/types\/post"}],"author":[{"embeddable":true,"href":"https:\/\/www.europesays.com\/fr\/wp-json\/wp\/v2\/users\/2"}],"replies":[{"embeddable":true,"href":"https:\/\/www.europesays.com\/fr\/wp-json\/wp\/v2\/comments?post=330382"}],"version-history":[{"count":0,"href":"https:\/\/www.europesays.com\/fr\/wp-json\/wp\/v2\/posts\/330382\/revisions"}],"wp:featuredmedia":[{"embeddable":true,"href":"https:\/\/www.europesays.com\/fr\/wp-json\/wp\/v2\/media\/330383"}],"wp:attachment":[{"href":"https:\/\/www.europesays.com\/fr\/wp-json\/wp\/v2\/media?parent=330382"}],"wp:term":[{"taxonomy":"category","embeddable":true,"href":"https:\/\/www.europesays.com\/fr\/wp-json\/wp\/v2\/categories?post=330382"},{"taxonomy":"post_tag","embeddable":true,"href":"https:\/\/www.europesays.com\/fr\/wp-json\/wp\/v2\/tags?post=330382"}],"curies":[{"name":"wp","href":"https:\/\/api.w.org\/{rel}","templated":true}]}}