{"id":330386,"date":"2025-08-19T23:49:17","date_gmt":"2025-08-19T23:49:17","guid":{"rendered":"https:\/\/www.europesays.com\/fr\/330386\/"},"modified":"2025-08-19T23:49:17","modified_gmt":"2025-08-19T23:49:17","slug":"jules-edouard-moustic-devoile-sa-passion-pour-la-photo-a-guethary","status":"publish","type":"post","link":"https:\/\/www.europesays.com\/fr\/330386\/","title":{"rendered":"Jules-\u00c9douard Moustic d\u00e9voile sa passion pour la photo \u00e0 Gu\u00e9thary"},"content":{"rendered":"<p>Sortons des clich\u00e9s, ou plut\u00f4t entrons dans les siens, empreints d\u2019une grande d\u00e9licatesse, celle qu\u2019il exprime dans ses carnets de voyage \u00e0 travers le monde. <a href=\"https:\/\/www.sudouest.fr\/pyrenees-atlantiques\/guethary\/pays-basque-le-premier-bal-des-restos-du-coeur-organise-le-25-juin-a-guethary-11324235.php\" rel=\"nofollow noopener\" target=\"_blank\">Jules-\u00c9douard Moustic<\/a> est un passionn\u00e9 de photo. Son premier appareil, ses parents lui ont offert quand il avait 12\u00a0ans, un \u00ab\u00a0Instamatic\u00a0\u00bb avec lequel il a pris des milliers de clich\u00e9s au point de vouloir en faire son m\u00e9tier en fr\u00e9quentant une \u00e9cole sp\u00e9cialis\u00e9e. \u00ab\u00a0Une petite voix m\u2019a dit\u00a0: ne fais pas cela, garde la photo comme une passion, un plaisir, pour ne pas t\u2019en d\u00e9go\u00fbter, et quand j\u2019y pense, j\u2019ai bien fait\u00a0\u00bb, raconte Christian Borde de son vrai nom.<\/p>\n<p>Les gens de la rue<\/p>\n<p>Ce dernier pr\u00e9sente dans cette exposition ses photos de voyage. Les \u00c9tats-Unis, bien s\u00fbr, mais aussi le Japon. \u00ab\u00a0J\u2019adore faire <a href=\"https:\/\/www.canon.fr\/get-inspired\/tips-and-techniques\/action-panning\/\" target=\"_blank\" rel=\"nofollow noopener\">des fil\u00e9s<\/a>, cela se fait dans la photographie sportive, et l\u00e0, c\u2019est un couple qui sort d\u2019un magasin \u00e0 Tokyo. J\u2019utilise mon appareil un peu comme un pinceau, je suis le rythme de mes sujets et cela donne un effet de traces.\u00a0\u00bb Sa passion pour le Japon est n\u00e9e lors du tournage d\u2019un film de Patrick Braoud\u00e9 pr\u00e9sent\u00e9 au Festival du film fran\u00e7ais de Yokohama. La culture nippone lui inspire des s\u00e9jours tr\u00e8s r\u00e9guliers pour se ressourcer. \u00ab\u00a0Des gens gentils, \u00e9l\u00e9gants, cultiv\u00e9s, porteurs de belles valeurs. Ma famille les partage.\u00a0\u00bb<\/p>\n<blockquote><p>\u00ab\u00a0Ma nature me porte \u00e0 tomber plus facilement amoureux des gens de la rue que des gens du cin\u00e9ma\u00a0\u00bb<\/p><\/blockquote>\n<p>\u00ab\u00a0Ma nature me porte \u00e0 tomber plus facilement amoureux des gens de la rue que des gens du cin\u00e9ma, un milieu que, contrairement aux id\u00e9es re\u00e7ues, je connais finalement peu. J\u2019ai, reconnaissons-le, une carri\u00e8re assez courte dans ce registre\u2026\u00a0\u00bb Jules-\u00c9douard Moustic s\u2019arr\u00eate devant l\u2019un de ses clich\u00e9s de la <a href=\"https:\/\/www.institut-photo.com\/event\/bettina-rheims\/\" target=\"_blank\" rel=\"nofollow noopener\">c\u00e9l\u00e8bre photographe Bettina Rheims<\/a>. Il en parle avec l\u2019\u00e9motion d\u2019un \u00e9lan instantan\u00e9 d\u2019amour pour la beaut\u00e9 de la photographe et non pour le mannequin qu\u2019elle et lui \u00e9taient cens\u00e9s photographier, envoy\u00e9 en cette fin des ann\u00e9es 90, par les \u00e9quipes de Canal+\u00a0pour pr\u00e9parer un pilote. Son talent de photographe \u00e9tait connu sur la cha\u00eene. Il ne fallait pas oublier ses frasques perp\u00e9tuelles pour autant.<\/p>\n<p>L\u2019ami Beno\u00eet Del\u00e9pine<\/p>\n<p>Le trublion getariar (il vit au village depuis des ann\u00e9es, NDLR) marche constamment \u00e0 l\u2019affect. Rien d\u2019\u00e9tonnant que de croiser, le soir de l\u2019inauguration de son exposition, son ind\u00e9fectible acolyte, Beno\u00eet Del\u00e9pine, qui se sent ici chez lui au point d\u2019annoncer l\u2019avant-premi\u00e8re de son prochain film au cin\u00e9ma de Gu\u00e9thary.<\/p>\n<p>        <img decoding=\"async\" id=\"25494734\" src=\"https:\/\/www.europesays.com\/fr\/wp-content\/uploads\/2025\/08\/sudpaysbasque-392709c7a83c488bbf13df0c3f755fa6-114829-ph2.jpg\" alt=\"Jamais l\u2019un sans l\u2019autre. Beno\u00eet Del\u00e9pine est venu soutenir son acolyte pour l\u2019inauguration de son exposition.\" itemprop=\"contentURL\"\/><\/p>\n<p>    Jamais l\u2019un sans l\u2019autre. Beno\u00eet Del\u00e9pine est venu soutenir son acolyte pour l\u2019inauguration de son exposition.<\/p>\n<p>Philippe Capy<\/p>\n<p>En cette soir\u00e9e presque familiale, on comptait au-del\u00e0 des amis fid\u00e8les du duo, d\u00e9j\u00e0 beaucoup de pastilles rouges de vente sous les photos, signe que son travail s\u00e9duit. L\u2019une d\u2019elles, prise \u00e0 Ginza, un quartier hupp\u00e9 de Tokyo, est tout droit sortie de l\u2019univers d\u2019Edward Hopper et plus pr\u00e9cis\u00e9ment de <a href=\"https:\/\/www.singulart.com\/blog\/fr\/2024\/10\/31\/nighthawks-par-edward-hopper\/?srsltid=AfmBOor23ipGse6pVwWkz4yF3d_PnZtGYjIXMmSgfMV8kXyDepN6oDS9\" target=\"_blank\" rel=\"nofollow noopener\">l\u2019embl\u00e9matique \u00ab\u00a0Nighthawks\u00a0\u00bb<\/a>. Qui l\u2019e\u00fbt cru\u00a0? Celui qui pr\u00e9tend que \u00ab\u00a0Le Gromanche, on fait rien, comme des gros manches\u2026\u00a0\u00bb fait aussi de tr\u00e8s belles photos, les \u00ab\u00a0lendi, m\u00f4rdi, credi, joudi, dredi et sadi\u2026\u00a0\u00bb.<\/p>\n<p>\u00c0 d\u00e9couvrir jusqu\u2019au 26\u00a0ao\u00fbt \u00e0 la petite galerie de la poterie de Gu\u00e9thary, 49 avenue Harispe.<\/p>\n","protected":false},"excerpt":{"rendered":"Sortons des clich\u00e9s, ou plut\u00f4t entrons dans les siens, empreints d\u2019une grande d\u00e9licatesse, celle qu\u2019il exprime dans ses&hellip;\n","protected":false},"author":2,"featured_media":330387,"comment_status":"","ping_status":"","sticky":false,"template":"","format":"standard","meta":{"footnotes":""},"categories":[1358],"tags":[1348,1384,1385,1386,58,59,1011,27],"class_list":{"0":"post-330386","1":"post","2":"type-post","3":"status-publish","4":"format-standard","5":"has-post-thumbnail","7":"category-arts-et-design","8":"tag-arts","9":"tag-arts-and-design","10":"tag-arts-et-design","11":"tag-design","12":"tag-divertissement","13":"tag-entertainment","14":"tag-fr","15":"tag-france"},"share_on_mastodon":{"url":"https:\/\/pubeurope.com\/@fr\/115058112374921069","error":""},"_links":{"self":[{"href":"https:\/\/www.europesays.com\/fr\/wp-json\/wp\/v2\/posts\/330386","targetHints":{"allow":["GET"]}}],"collection":[{"href":"https:\/\/www.europesays.com\/fr\/wp-json\/wp\/v2\/posts"}],"about":[{"href":"https:\/\/www.europesays.com\/fr\/wp-json\/wp\/v2\/types\/post"}],"author":[{"embeddable":true,"href":"https:\/\/www.europesays.com\/fr\/wp-json\/wp\/v2\/users\/2"}],"replies":[{"embeddable":true,"href":"https:\/\/www.europesays.com\/fr\/wp-json\/wp\/v2\/comments?post=330386"}],"version-history":[{"count":0,"href":"https:\/\/www.europesays.com\/fr\/wp-json\/wp\/v2\/posts\/330386\/revisions"}],"wp:featuredmedia":[{"embeddable":true,"href":"https:\/\/www.europesays.com\/fr\/wp-json\/wp\/v2\/media\/330387"}],"wp:attachment":[{"href":"https:\/\/www.europesays.com\/fr\/wp-json\/wp\/v2\/media?parent=330386"}],"wp:term":[{"taxonomy":"category","embeddable":true,"href":"https:\/\/www.europesays.com\/fr\/wp-json\/wp\/v2\/categories?post=330386"},{"taxonomy":"post_tag","embeddable":true,"href":"https:\/\/www.europesays.com\/fr\/wp-json\/wp\/v2\/tags?post=330386"}],"curies":[{"name":"wp","href":"https:\/\/api.w.org\/{rel}","templated":true}]}}