{"id":330388,"date":"2025-08-19T23:50:15","date_gmt":"2025-08-19T23:50:15","guid":{"rendered":"https:\/\/www.europesays.com\/fr\/330388\/"},"modified":"2025-08-19T23:50:15","modified_gmt":"2025-08-19T23:50:15","slug":"vernissage-de-lexposition-de-livres-fiers-de-80-automnes-independants","status":"publish","type":"post","link":"https:\/\/www.europesays.com\/fr\/330388\/","title":{"rendered":"Vernissage de l&rsquo;exposition de livres \u00ab Fiers de 80 automnes ind\u00e9pendants \u00bb"},"content":{"rendered":"<p style=\"text-align: center;\"><img decoding=\"async\" title=\"Vernissage de l'exposition de livres \u00ab Fiers de 80 automnes ind\u00e9pendants \u00bb\" data-socail-link=\"https:\/\/baocantho.com.vn\/khai-mac-trien-lam-sach-tu-hao-80-mua-thu-doc-lap--a189809.html\" class=\"zoomimg\" alt=\"\" src=\"https:\/\/www.europesays.com\/fr\/wp-content\/uploads\/2025\/08\/d1844c3f86ac40d9bbe1a0c48a91a61f.webp\" style=\"width: 800px; height: 474px;\"\/><\/p>\n<p style=\"text-align: center;\"> Les d\u00e9l\u00e9gu\u00e9s et les lecteurs d\u00e9couvrent les livres lors de l\u2019exposition.<\/p>\n<p> Avec plus de 300 documents et livres soigneusement s\u00e9lectionn\u00e9s dans la collection de la biblioth\u00e8que municipale <a class=\"data-link\" data-org-href=\"https:\/\/www.vietnam.vn\/destination\/can-tho\" href=\"https:\/\/www.vietnam.vn\/destination\/can-tho\" title=\"Can Tho\" target=\"_blank\" rel=\"nofollow noopener\">de Can Tho<\/a> , l&rsquo;exposition a d\u00e9crit de mani\u00e8re syst\u00e9matique et vivante les 80 ann\u00e9es de parcours, sem\u00e9 d&#8217;emb\u00fbches mais aussi de gloire, du peuple vietnamien. Elle a permis aux visiteurs de mieux comprendre ce \u00ab\u00a080 ans d&rsquo;ind\u00e9pendance, de libert\u00e9 et de bonheur\u00a0\u00bb. L&rsquo;exposition est divis\u00e9e en trois parties\u00a0: \u00ab\u00a0La R\u00e9volution d&rsquo;ao\u00fbt\u00a0\u2013 Un tournant majeur dans l&rsquo;histoire du peuple vietnamien\u00a0\u00bb\u00a0; \u00ab\u00a0F\u00eate nationale du 2 au 9 et f\u00eates de l&rsquo;ind\u00e9pendance\u00a0\u00bb\u00a0; et \u00ab\u00a0Vietnam\u00a0\u2013 80 ans de progr\u00e8s constants\u00a0\u00bb, avec une pr\u00e9sentation ouverte et accessible. D\u00e8s son ouverture, l&rsquo;exposition a accueilli un grand nombre de lecteurs, membres de syndicats et jeunes de la ville.<\/p>\n<p> L&rsquo;exposition est ouverte aux lecteurs du 19 ao\u00fbt au 5 septembre 2025 \u00e0 la biblioth\u00e8que municipale de Can Tho, n\u00b0 29, rue Nam Ky Khoi Nghia, quartier de Ninh Kieu.<\/p>\n<p style=\"text-align: right;\"> Actualit\u00e9s et photos : DANG HUYNH<\/p>\n<p class=\"mb-0\"> Source : https:\/\/baocantho.com.vn\/khai-mac-trien-lam-sach-tu-hao-80-mua-thu-doc-lap&#8211;a189809.html<\/p>\n","protected":false},"excerpt":{"rendered":"Les d\u00e9l\u00e9gu\u00e9s et les lecteurs d\u00e9couvrent les livres lors de l\u2019exposition. Avec plus de 300 documents et livres&hellip;\n","protected":false},"author":2,"featured_media":330389,"comment_status":"","ping_status":"","sticky":false,"template":"","format":"standard","meta":{"footnotes":""},"categories":[1357],"tags":[1379,58,59,1011,27,1380],"class_list":{"0":"post-330388","1":"post","2":"type-post","3":"status-publish","4":"format-standard","5":"has-post-thumbnail","7":"category-livres","8":"tag-books","9":"tag-divertissement","10":"tag-entertainment","11":"tag-fr","12":"tag-france","13":"tag-livres"},"share_on_mastodon":{"url":"https:\/\/pubeurope.com\/@fr\/115058116172301099","error":""},"_links":{"self":[{"href":"https:\/\/www.europesays.com\/fr\/wp-json\/wp\/v2\/posts\/330388","targetHints":{"allow":["GET"]}}],"collection":[{"href":"https:\/\/www.europesays.com\/fr\/wp-json\/wp\/v2\/posts"}],"about":[{"href":"https:\/\/www.europesays.com\/fr\/wp-json\/wp\/v2\/types\/post"}],"author":[{"embeddable":true,"href":"https:\/\/www.europesays.com\/fr\/wp-json\/wp\/v2\/users\/2"}],"replies":[{"embeddable":true,"href":"https:\/\/www.europesays.com\/fr\/wp-json\/wp\/v2\/comments?post=330388"}],"version-history":[{"count":0,"href":"https:\/\/www.europesays.com\/fr\/wp-json\/wp\/v2\/posts\/330388\/revisions"}],"wp:featuredmedia":[{"embeddable":true,"href":"https:\/\/www.europesays.com\/fr\/wp-json\/wp\/v2\/media\/330389"}],"wp:attachment":[{"href":"https:\/\/www.europesays.com\/fr\/wp-json\/wp\/v2\/media?parent=330388"}],"wp:term":[{"taxonomy":"category","embeddable":true,"href":"https:\/\/www.europesays.com\/fr\/wp-json\/wp\/v2\/categories?post=330388"},{"taxonomy":"post_tag","embeddable":true,"href":"https:\/\/www.europesays.com\/fr\/wp-json\/wp\/v2\/tags?post=330388"}],"curies":[{"name":"wp","href":"https:\/\/api.w.org\/{rel}","templated":true}]}}