{"id":330394,"date":"2025-08-19T23:53:09","date_gmt":"2025-08-19T23:53:09","guid":{"rendered":"https:\/\/www.europesays.com\/fr\/330394\/"},"modified":"2025-08-19T23:53:09","modified_gmt":"2025-08-19T23:53:09","slug":"avec-son-nouveau-film-daction-les-orphelins-lequipe-derriere-le-succes-des-balle-perdue-passe-a-la-vitesse-superieure-midi-libre","status":"publish","type":"post","link":"https:\/\/www.europesays.com\/fr\/330394\/","title":{"rendered":"Avec son nouveau film d\u2019action &quot;Les orphelins&quot;, l\u2019\u00e9quipe derri\u00e8re le succ\u00e8s des &quot;Balle perdue&quot; passe \u00e0 la vitesse sup\u00e9rieure &#8211; Midi Libre"},"content":{"rendered":"<ol>\n<li><a href=\"https:\/\/news.google.com\/rss\/articles\/CBMi-gFBVV95cUxPNm1wbFlUcGpmUk1iZVZVNnN5X21NNENYdkRkVmxNRTI2ZkZXSDh0a095NXVQc210MTN2d3ctc29lRkZ1RGxtcWpERkU0T2VWOW4yWDRmTDBCVXBvTWZJRWlMbVhyWUU1X1VUb2tCYjZRemN4Yjk4dDdKdlBxbHhwZ1JBNzRhbWFpZU1xd0hSNmN6UEQzNUJtSWZZdDR2WDFOOEFMcXMzVWI3RzVMTGZWZlZMaVNpMG1nNUNfR2VVUVJ0b1FIV1JVaVNGN3h3S0ZJVmpTMUhvSTBLNzB0VGtwdFN0SXgyc2M4VTFtQm8yd1RmY3RnbERMNjdR?oc=5\" target=\"_blank\" rel=\"nofollow noopener\">Avec son nouveau film d\u2019action \u00ab\u00a0Les orphelins\u00a0\u00bb, l\u2019\u00e9quipe derri\u00e8re le succ\u00e8s des \u00ab\u00a0Balle perdue\u00a0\u00bb passe \u00e0 la vitesse sup\u00e9rieure<\/a>&nbsp;&nbsp;Midi Libre<\/li>\n<li><a href=\"https:\/\/news.google.com\/rss\/articles\/CBMikgJBVV95cUxNaEtKWUl1cE1STmM2RUQyc1IwRDIzbEtzUEtlZ2FTZVRHemU5ejhqVUZrdVY2NEl3SVVKR21vcG9VUV9iS2l4SEhlSjJpcXNCb3lxYVlVaWRUODFIdlNwVVlqZlZQVzBKdEpBNjQ5R0FmRmJsekFjLUtYeDdiNmxZVWlTWVBMRmhoSWZLSUUyWXhKRm1tcTdLN1d1bUVXcVNSaTFkWnduanp0X1M5MzM0Tm1GVHdHcnhwN0l5Y2lZZ3JXYTQ3dmREZGloMjJQd184SFFtZWhLYWRKZTdEVTZGaUMtOVdoSV9BR1hKSUpuanMyZDNYbF9yTUR0XzJHZm9IckpITVBlWHJWRW9teW9mMUJB?oc=5\" target=\"_blank\" rel=\"nofollow noopener\">Cin\u00e9ma. \u00ab On a quand m\u00eame mis un sacr\u00e9 bazar \u00bb : l\u2019\u00e9quipe du film \u00ab Les Orphelins \u00bb raconte son tournage au Pays basque<\/a>&nbsp;&nbsp;Sud Ouest<\/li>\n<li><a href=\"https:\/\/news.google.com\/rss\/articles\/CBMi5gFBVV95cUxOT19ZdGxjcC11SWMwSEJ4LUc4NnN0dXdHTTV2QTBoZm52WFB5MFZFTVlGQWh2Q01ueUFUM1hoeTZzelVkaTgxTFVLNExQUVdmLW1oZzNycWp0MDJGWGFUaWU4UXIyZV9sNFB3dmpwMFNmRFprZ2JKYVVseVNaUVEzVEFDSEVsMjBkRmlUalA0V3VJaExucDFyUnFJVkw0VXhYRVZDZ2tyQzdaV1JDM1VXZE52eENUUjVYNk83UndLaUZ3RUJGY2k1U24zVU9GRkZFaWVFQkdPUmh1Rmk0Rm9vcm5OT2lKdw?oc=5\" target=\"_blank\" rel=\"nofollow noopener\">Pau : plusieurs s\u00e9ances pour le film Les orphelins, tourn\u00e9 en partie en ville<\/a>&nbsp;&nbsp;La R\u00e9publique des Pyr\u00e9n\u00e9es<\/li>\n<li><a href=\"https:\/\/news.google.com\/rss\/articles\/CBMizwFBVV95cUxON1U0V3YzWnRSRzVsMEZQZGRLZUF0Q1A1RUVyVDhBYmY3TlZKb1ZkMXNNT1BvdDJoemo2ajlzdEt6VUp1SEVrbHdZNm9kbEdHQ1ZzU2lHaDZ1N2pMVlBLcHhDUnRnSTNCbEhwWDRuaHpiQnN6elZCdXBWZ3F4VElBVWgtYWFwdVNFaXdJTGFlWUFKUzR5RVNpOHBKdk9oUnNieWxueElsU0c2YXk1X3MxemFyLW5fZXpsT3lMWXYtY0hoNklTVVV0TFFQVlZ5aUk?oc=5\" target=\"_blank\" rel=\"nofollow noopener\">Dijon. Le cascadeur dijonnais Jamel Blissat \u00e0 l\u2019affiche des Orphelins avec Alban Lenoir<\/a>&nbsp;&nbsp;Le Bien Public<\/li>\n<li><a href=\"https:\/\/news.google.com\/rss\/articles\/CBMikAJBVV95cUxNLUpaZzFrSkRHdWNIMHFiODJxaFZ5bzVRek9BT0R1VTZESFQ0WlZ3QzNPZlNfY1VhaDNfeDhUZUZLU2J5Qk95bndtMmJSQi1CUXd6WE1CZXlOSzZlWEc2dzd0VlRLYWFqaDlsVDVndnVsV3RMRnBNaF91SFBWWEZKSDdERUNNc2I2X203dk9sdjZKRFVlc2UyY0pKT3pfVmpZUWRaMURkNHoybTZLUTl2aUFGQ1Z2MnFSQkZwd1R2cElpbzFWaDBRWVh1TVNwbzJnZndJNFlVejd3SG1Wd3Iwdk9nS3RTdjE0d21aQ0FQZjV4MG1uRm9sMmFYQ09pSnMwUE9rb2cxQmhGa0FwS3V5Uw?oc=5\" target=\"_blank\" rel=\"nofollow noopener\">Alban Lenoir, h\u00e9ros du film d\u2019action \u00ab Les Orphelins \u00bb : \u00ab Dali Benssalah ne m\u2019a quasiment pas fait mal \u00bb<\/a>&nbsp;&nbsp;Le Parisien<\/li>\n<\/ol>\n","protected":false},"excerpt":{"rendered":"Avec son nouveau film d\u2019action \u00ab\u00a0Les orphelins\u00a0\u00bb, l\u2019\u00e9quipe derri\u00e8re le succ\u00e8s des \u00ab\u00a0Balle perdue\u00a0\u00bb passe \u00e0 la vitesse&hellip;\n","protected":false},"author":2,"featured_media":1445,"comment_status":"","ping_status":"","sticky":false,"template":"","format":"standard","meta":{"footnotes":""},"categories":[1354],"tags":[58,59,1346,1011,27,1360],"class_list":{"0":"post-330394","1":"post","2":"type-post","3":"status-publish","4":"format-standard","5":"has-post-thumbnail","7":"category-films","8":"tag-divertissement","9":"tag-entertainment","10":"tag-films","11":"tag-fr","12":"tag-france","13":"tag-movies"},"share_on_mastodon":{"url":"https:\/\/pubeurope.com\/@fr\/115058127877389817","error":""},"_links":{"self":[{"href":"https:\/\/www.europesays.com\/fr\/wp-json\/wp\/v2\/posts\/330394","targetHints":{"allow":["GET"]}}],"collection":[{"href":"https:\/\/www.europesays.com\/fr\/wp-json\/wp\/v2\/posts"}],"about":[{"href":"https:\/\/www.europesays.com\/fr\/wp-json\/wp\/v2\/types\/post"}],"author":[{"embeddable":true,"href":"https:\/\/www.europesays.com\/fr\/wp-json\/wp\/v2\/users\/2"}],"replies":[{"embeddable":true,"href":"https:\/\/www.europesays.com\/fr\/wp-json\/wp\/v2\/comments?post=330394"}],"version-history":[{"count":0,"href":"https:\/\/www.europesays.com\/fr\/wp-json\/wp\/v2\/posts\/330394\/revisions"}],"wp:featuredmedia":[{"embeddable":true,"href":"https:\/\/www.europesays.com\/fr\/wp-json\/wp\/v2\/media\/1445"}],"wp:attachment":[{"href":"https:\/\/www.europesays.com\/fr\/wp-json\/wp\/v2\/media?parent=330394"}],"wp:term":[{"taxonomy":"category","embeddable":true,"href":"https:\/\/www.europesays.com\/fr\/wp-json\/wp\/v2\/categories?post=330394"},{"taxonomy":"post_tag","embeddable":true,"href":"https:\/\/www.europesays.com\/fr\/wp-json\/wp\/v2\/tags?post=330394"}],"curies":[{"name":"wp","href":"https:\/\/api.w.org\/{rel}","templated":true}]}}