{"id":330395,"date":"2025-08-19T23:54:11","date_gmt":"2025-08-19T23:54:11","guid":{"rendered":"https:\/\/www.europesays.com\/fr\/330395\/"},"modified":"2025-08-19T23:54:11","modified_gmt":"2025-08-19T23:54:11","slug":"les-autorites-appellent-a-la-vigilance","status":"publish","type":"post","link":"https:\/\/www.europesays.com\/fr\/330395\/","title":{"rendered":"les autorit\u00e9s appellent \u00e0 la vigilance"},"content":{"rendered":"<p>Les cas ont augment\u00e9 de 356% en un an. Dans un <a href=\"https:\/\/sante.gouv.fr\/IMG\/pdf\/dgs-urgent_no2025-20_hepatite_a_ara-rhone.pdf\" target=\"_blank\" rel=\"nofollow noopener\">communiqu\u00e9<\/a> publi\u00e9 le 19 ao\u00fbt, la Direction G\u00e9n\u00e9rale de la Sant\u00e9 (DGS) fait part d&rsquo;une augmentation d&rsquo;infections h\u00e9patiques\u00a0dans une grande\u00a0ville fran\u00e7aise. \u00ab\u00a073\u00a0cas ont \u00e9t\u00e9 d\u00e9clar\u00e9s entre le 1er janvier et le 31\u00a0juillet 2025.\u00a0L&rsquo;augmentation est encore plus \u00e9vidente depuis le d\u00e9but du mois de juillet\u00a0avec 57\u00a0cas signal\u00e9s.\u00a0\u00bb<\/p>\n<p>Le virus est pr\u00e9sent dans les mati\u00e8res f\u00e9cales des personnes atteintes, la maladie se transmet par l&rsquo;interm\u00e9diaire des mains ou d&rsquo;aliments contamin\u00e9s. Fr\u00e9quemment, elle passe inaper\u00e7ue, notamment chez l&rsquo;enfant. Elle peut se manifester par la pr\u00e9sence de fi\u00e8vre, douleurs abdominales, naus\u00e9es, perte d&rsquo;app\u00e9tit, asth\u00e9nie et jaunisse. \u00ab\u00a0Nous vous invitons \u00e0 \u00eatre vigilant face \u00e0 des patients pr\u00e9sentant des sympt\u00f4mes compatibles\u00a0\u00bb demande la DGS aux professionnels de sant\u00e9.\u00a0<\/p>\n<p>Ce virus est connu des autorit\u00e9s sanitaires puisqu&rsquo;il s&rsquo;agit du virus de l&rsquo;<a href=\"https:\/\/sante.journaldesfemmes.fr\/fiches-maladies\/2617545-hepatite-a-positive-duree-contagieuse-definition\/\" title=\"H\u00e9patite infectieuse\" rel=\"nofollow noopener\" target=\"_blank\">h\u00e9patite A<\/a>.\u00a0L&rsquo;h\u00e9patite A est une\u00a0maladie du foie qui est contagieuse.\u00a0Dans la majorit\u00e9 des cas, elle\u00a0gu\u00e9rit spontan\u00e9ment sans s\u00e9quelles mais des formes graves existent, surtout chez les personnes\u00a0immunod\u00e9prim\u00e9es, \u00e2g\u00e9es, ayant des maladies du foie pr\u00e9-existantes&#8230;\u00a0Si l&rsquo;incidence de l&rsquo;h\u00e9patite A augmente globalement en Europe, la DGS s&rsquo;inqui\u00e8te de la hausse des cas constat\u00e9e actuellement dans le Rh\u00f4ne \u00ab\u00a0majoritairement dans la ville de Lyon et plus sp\u00e9cifiquement au niveau du 7\u00e8me arrondissement\u00a0\u00bb. Cette augmentation \u00ab\u00a0laisse \u00e0 penser que la circulation du virus y est actuellement tr\u00e8s active et pourrait s&rsquo;amplifier dans les prochaines semaines\u00a0\u00bb.<\/p>\n<p>Les autorit\u00e9s n&rsquo;ont pas connaissance de la cause de cette\u00a0recrudescence mais\u00a0\u00ab\u00a0les investigations sont en cours\u00a0\u00bb. Une vingtaine de cas d&rsquo;h\u00e9patite A ont aussi \u00e9t\u00e9 rapport\u00e9s en juin <a href=\"https:\/\/sante.gouv.fr\/IMG\/pdf\/dgs-urgent_2025_17_recrudescence_cas_hep_a_nantes_pdl.pdf\" target=\"_blank\" rel=\"nofollow noopener\">dans la ville de Nantes<\/a>. En cas de doute sur les sympt\u00f4mes, il faut consulter un\u00a0m\u00e9decin. L&rsquo;h\u00e9patite A est une maladie \u00e0 d\u00e9claration obligatoire. Elle est d\u00e9pist\u00e9e par prise de sang. Pour s&rsquo;en prot\u00e9ger, il existe un vaccin. Celui-ci n&rsquo;est pas obligatoire mais recommand\u00e9\u00a0\u00e0 certaines populations (voyageurs qui partent dans des\u00a0pays o\u00f9 l&rsquo;hygi\u00e8ne de l&rsquo;eau et des aliments est pr\u00e9caire,\u00a0membres de l&rsquo;entourage\u00a0d&rsquo;une personne atteinte d&rsquo;h\u00e9patite A,\u00a0hommes ayant des relations sexuelles avec des hommes,\u00a0patients avec une\u00a0maladie chronique du foie&#8230;).<\/p>\n","protected":false},"excerpt":{"rendered":"Les cas ont augment\u00e9 de 356% en un an. Dans un communiqu\u00e9 publi\u00e9 le 19 ao\u00fbt, la Direction&hellip;\n","protected":false},"author":2,"featured_media":330396,"comment_status":"","ping_status":"","sticky":false,"template":"","format":"standard","meta":{"footnotes":""},"categories":[10],"tags":[1011,27,72,71],"class_list":{"0":"post-330395","1":"post","2":"type-post","3":"status-publish","4":"format-standard","5":"has-post-thumbnail","7":"category-sante","8":"tag-fr","9":"tag-france","10":"tag-health","11":"tag-sante"},"share_on_mastodon":{"url":"https:\/\/pubeurope.com\/@fr\/115058131877468037","error":""},"_links":{"self":[{"href":"https:\/\/www.europesays.com\/fr\/wp-json\/wp\/v2\/posts\/330395","targetHints":{"allow":["GET"]}}],"collection":[{"href":"https:\/\/www.europesays.com\/fr\/wp-json\/wp\/v2\/posts"}],"about":[{"href":"https:\/\/www.europesays.com\/fr\/wp-json\/wp\/v2\/types\/post"}],"author":[{"embeddable":true,"href":"https:\/\/www.europesays.com\/fr\/wp-json\/wp\/v2\/users\/2"}],"replies":[{"embeddable":true,"href":"https:\/\/www.europesays.com\/fr\/wp-json\/wp\/v2\/comments?post=330395"}],"version-history":[{"count":0,"href":"https:\/\/www.europesays.com\/fr\/wp-json\/wp\/v2\/posts\/330395\/revisions"}],"wp:featuredmedia":[{"embeddable":true,"href":"https:\/\/www.europesays.com\/fr\/wp-json\/wp\/v2\/media\/330396"}],"wp:attachment":[{"href":"https:\/\/www.europesays.com\/fr\/wp-json\/wp\/v2\/media?parent=330395"}],"wp:term":[{"taxonomy":"category","embeddable":true,"href":"https:\/\/www.europesays.com\/fr\/wp-json\/wp\/v2\/categories?post=330395"},{"taxonomy":"post_tag","embeddable":true,"href":"https:\/\/www.europesays.com\/fr\/wp-json\/wp\/v2\/tags?post=330395"}],"curies":[{"name":"wp","href":"https:\/\/api.w.org\/{rel}","templated":true}]}}