{"id":330411,"date":"2025-08-20T00:03:23","date_gmt":"2025-08-20T00:03:23","guid":{"rendered":"https:\/\/www.europesays.com\/fr\/330411\/"},"modified":"2025-08-20T00:03:23","modified_gmt":"2025-08-20T00:03:23","slug":"les-prix-des-fournitures-scolaires-sont-en-baisse-se-rejouit-familles-de-france-dans-la-loire","status":"publish","type":"post","link":"https:\/\/www.europesays.com\/fr\/330411\/","title":{"rendered":"Les prix des fournitures scolaires sont en baisse, se r\u00e9jouit \u00ab\u00a0Familles de France\u00a0\u00bb dans la Loire"},"content":{"rendered":"<p>Alors que l&rsquo;allocation de rentr\u00e9e scolaire est vers\u00e9e \u00e0 partir de ce 19 ao\u00fbt \u00e0 pr\u00e8s de 3 millions de familles, plusieurs enqu\u00eates montrent que les prix des fournitures scolaires sont en baisse, de 5% selon \u00ab\u00a0Familles de France\u00a0\u00bb.\n<\/p>\n<p>211 euros le panier moyen, contre 223 il y a un an, <strong>les fournitures scolaires pour un enfant de 6e co\u00fbtent 12 euros de moins cette ann\u00e9e<\/strong>, soit une baisse de 5,53%. C&rsquo;est la conclusion de l&rsquo;enqu\u00eate annuelle de \u00ab\u00a0Familles de France\u00a0\u00bb, qui constate que les prix baissent sur tous les produits\u00a0:\u00a042,56 euros pour la papeterie (-5,94 %), 60,51 euros pour les articles de sport (-8,59 %), mais aussi dans tous les circuits de distribution, m\u00eame si <strong>ce sont les hypermarch\u00e9s qui affichent les prix les plus comp\u00e9titifs<\/strong> avec un panier en-dessous de 200 euros (192,42 euros en moyenne).<\/p>\n<p>\u00ab\u00a0Pendant deux ou trois ans on a eu une inflation qui \u00e9tait galopante\u00a0\u00bb, explique\u00a0Bernard Richard, Pr\u00e9sident de la f\u00e9d\u00e9ration de la Loire de \u00ab\u00a0Familles de France\u00a0\u00bb, \u00ab\u00a0On est mont\u00e9 \u00e0 un panier moyen \u00e0 plus de 250 euros de m\u00e9moire. Tout ce qui \u00e9tait pap\u00e8terie avait eu une flamb\u00e9e de 30 \u00e0 40% donc \u00e7a avait influ\u00e9 \u00e9norm\u00e9ment, mais l\u00e0 on revient \u00e0 des prix presque normaux, entre guillemets, parce qu&rsquo;on est quand m\u00eame loin des prix d&rsquo;avant inflation\u00a0\u00bb.<\/p>\n<p><strong>L&rsquo;allocation de rentr\u00e9e scolaire elle, est vers\u00e9e \u00e0 partir de ce mardi 19 ao\u00fbt<\/strong>, sous conditions de revenus, \u00e0 pr\u00e8s de 3 millions de familles en France.\u00a0Son montant est de 423,48 euros par enfant \u00e2g\u00e9 de 6 \u00e0 10 ans, 446,85 euros par enfant \u00e2g\u00e9 de 11 \u00e0 14 ans et de 462,33 euros par enfant \u00e2g\u00e9 de 15 \u00e0 18 ans.<\/p>\n<p>\u00c0 lire aussi   <img decoding=\"async\" src=\"https:\/\/www.europesays.com\/fr\/wp-content\/uploads\/2025\/08\/200x200\" alt=\"L'allocation de rentr\u00e9e scolaire sera vers\u00e9e \u00e0 partir du mardi 19 ao\u00fbt 2025 en m\u00e9tropole.\" style=\"--_image-preview:url('data:image\/jpeg;base64,\/9j\/2wBDACgcHiMeGSgjISMtKygwPGRBPDc3PHtYXUlkkYCZlo+AjIqgtObDoKrarYqMyP\/L2u71\/\/\/\/m8H\/\/\/\/6\/+b9\/\/j\/2wBDASstLTw1PHZBQXb4pYyl+Pj4+Pj4+Pj4+Pj4+Pj4+Pj4+Pj4+Pj4+Pj4+Pj4+Pj4+Pj4+Pj4+Pj4+Pj4+Pj4+Pj\/wAARCAAqACoDASIAAhEBAxEB\/8QAGAAAAwEBAAAAAAAAAAAAAAAAAAECAwT\/xAAYEAEBAQEBAAAAAAAAAAAAAAAAAQISEf\/EABYBAQEBAAAAAAAAAAAAAAAAAAECAP\/EABYRAQEBAAAAAAAAAAAAAAAAAAABEf\/aAAwDAQACEQMRAD8AkgAwAJKoADBHga8puVpZ0l2F4CUM5D5GF1XCbh0VGloc1wXDakxZzCuFxQZ\/\/9k=');\" loading=\"lazy\" fetchpriority=\"low\" aria-hidden=\"true\" class=\"svelte-1pnmlwx rounded\" onload=\"this.__e=event\" onerror=\"this.__e=event\"\/><\/p>\n","protected":false},"excerpt":{"rendered":"Alors que l&rsquo;allocation de rentr\u00e9e scolaire est vers\u00e9e \u00e0 partir de ce 19 ao\u00fbt \u00e0 pr\u00e8s de 3&hellip;\n","protected":false},"author":2,"featured_media":330412,"comment_status":"","ping_status":"","sticky":false,"template":"","format":"standard","meta":{"footnotes":""},"categories":[9653],"tags":[1111,11,2430,1777,674,1011,27,12,25,4001],"class_list":{"0":"post-330411","1":"post","2":"type-post","3":"status-publish","4":"format-standard","5":"has-post-thumbnail","7":"category-saint-etienne","8":"tag-actu","9":"tag-actualites","10":"tag-auvergne-rhone-alpes","11":"tag-eu","12":"tag-europe","13":"tag-fr","14":"tag-france","15":"tag-news","16":"tag-republique-francaise","17":"tag-saint-etienne"},"share_on_mastodon":{"url":"https:\/\/pubeurope.com\/@fr\/115058167229134823","error":""},"_links":{"self":[{"href":"https:\/\/www.europesays.com\/fr\/wp-json\/wp\/v2\/posts\/330411","targetHints":{"allow":["GET"]}}],"collection":[{"href":"https:\/\/www.europesays.com\/fr\/wp-json\/wp\/v2\/posts"}],"about":[{"href":"https:\/\/www.europesays.com\/fr\/wp-json\/wp\/v2\/types\/post"}],"author":[{"embeddable":true,"href":"https:\/\/www.europesays.com\/fr\/wp-json\/wp\/v2\/users\/2"}],"replies":[{"embeddable":true,"href":"https:\/\/www.europesays.com\/fr\/wp-json\/wp\/v2\/comments?post=330411"}],"version-history":[{"count":0,"href":"https:\/\/www.europesays.com\/fr\/wp-json\/wp\/v2\/posts\/330411\/revisions"}],"wp:featuredmedia":[{"embeddable":true,"href":"https:\/\/www.europesays.com\/fr\/wp-json\/wp\/v2\/media\/330412"}],"wp:attachment":[{"href":"https:\/\/www.europesays.com\/fr\/wp-json\/wp\/v2\/media?parent=330411"}],"wp:term":[{"taxonomy":"category","embeddable":true,"href":"https:\/\/www.europesays.com\/fr\/wp-json\/wp\/v2\/categories?post=330411"},{"taxonomy":"post_tag","embeddable":true,"href":"https:\/\/www.europesays.com\/fr\/wp-json\/wp\/v2\/tags?post=330411"}],"curies":[{"name":"wp","href":"https:\/\/api.w.org\/{rel}","templated":true}]}}