{"id":330413,"date":"2025-08-20T00:05:22","date_gmt":"2025-08-20T00:05:22","guid":{"rendered":"https:\/\/www.europesays.com\/fr\/330413\/"},"modified":"2025-08-20T00:05:22","modified_gmt":"2025-08-20T00:05:22","slug":"3-000-enfants-nanceiens-prives-du-passsport-une-decision-qui-inquiete-les-elus-et-associations","status":"publish","type":"post","link":"https:\/\/www.europesays.com\/fr\/330413\/","title":{"rendered":"3 000 enfants nanc\u00e9iens priv\u00e9s du Pass&rsquo;Sport, une d\u00e9cision qui inqui\u00e8te les \u00e9lus et associations"},"content":{"rendered":"<p>\u00c0 Nancy, pr\u00e8s de 3 000 jeunes de 6 \u00e0 13 ans perdent l\u2019aide de 50 euros du Pass\u2019Sport. Une d\u00e9cision qui inqui\u00e8te familles, clubs et \u00e9lus, confront\u00e9s \u00e0 un risque de renoncement massif \u00e0 la pratique sportive.<\/p>\n<p>\u00c0 Nancy, la suppression du Pass\u2019Sport pour les 6-13 ans inqui\u00e8te \u00e9lus et associations. Pr\u00e8s de 3 000 jeunes sont concern\u00e9s, et avec eux leurs familles et les clubs sportifs locaux. Pour Serge Raineri, adjoint au maire d\u00e9l\u00e9gu\u00e9 au sport, c\u2019est une \u00ab\u00a0catastrophe\u00a0\u00bb aux cons\u00e9quences sociales et \u00e9ducatives profondes.<\/p>\n<p>Des propos recueillis par L\u00e9a Canet <\/p>\n<p>Une aide de 50 euros qui dispara\u00eet<\/p>\n<p>Jusqu\u2019ici, le Pass\u2019Sport permettait aux familles d\u2019\u00e9conomiser 50 euros sur l\u2019inscription de leur enfant. \u00c0 cette somme pouvait s\u2019ajouter une aide du d\u00e9partement, allant jusqu\u2019\u00e0 150 euros. D\u00e9sormais, seuls les 14-17 ans en b\u00e9n\u00e9ficieront.<\/p>\n<p>Le risque est clair. Certaines familles pourraient abandonner la pratique sportive en club, faute de moyens. \u00ab\u00a0On craint que certains parents consid\u00e8rent que le sport \u00e0 l\u2019\u00e9cole suffira. Mais le sport en club, c\u2019est bien plus qu\u2019une activit\u00e9 physique : c\u2019est du lien social, du vivre-ensemble.\u00a0\u00bb <\/p>\n<p>Dans certains quartiers, l\u2019impact pourrait \u00eatre particuli\u00e8rement lourd. Un club amateur de football \u00e9voque d\u00e9j\u00e0 ses 170 licences concern\u00e9es, soit 8 500 euros de manque \u00e0 gagner si les familles renoncent \u00e0 l\u2019inscription \u00e0 cause des modifications d\u2019acc\u00e8s au Pass\u2019Sport.<\/p>\n<p>Des propos recueillis par L\u00e9a Canet<\/p>\n<p>Les clubs locaux \u00e9trangl\u00e9s<\/p>\n<p>La suppression du Pass\u2019Sport ne fragilise pas seulement les foyers. Elle met aussi en p\u00e9ril l\u2019\u00e9quilibre financier des clubs. Pour les petites associations, qui vivent de cotisations et de subventions, la perte est directe.<\/p>\n<p>\u00ab\u00a0Quand un parent payait 50 euros l\u2019an dernier et qu\u2019on lui demande 100 euros aujourd\u2019hui, il croit que le club a doubl\u00e9 ses tarifs. Or, ce n\u2019est pas vrai. Ce sont les aides de l\u2019\u00c9tat qui ont disparu\u00a0\u00bb , insiste l\u2019adjoint.<\/p>\n<p>\u00c0 cela s\u2019ajoutent des frais en hausse : f\u00e9d\u00e9rations qui augmentent leurs licences, subventions promises mais gel\u00e9es, <a href=\"https:\/\/www.agencedusport.fr\/plan-5000-equipements-generation-2024\" data-type=\"URL\" data-id=\"https:\/\/www.agencedusport.fr\/plan-5000-equipements-generation-2024\" target=\"_blank\" rel=\"noreferrer noopener nofollow\">plan \u00ab\u00a05 000 terrains\u00a0\u00bb<\/a> suspendu\u2026 Les marges de man\u0153uvre se r\u00e9duisent partout.<\/p>\n<p>Les exploits des champions fran\u00e7ais offrent une belle image du sport national, mais pour Serge Raineri, le contraste est saisissant : \u00ab\u00a0On a une vitrine brillante, mais le meuble est bancal. Depuis 2017, on nous promettait l\u2019h\u00e9ritage des Jeux olympiques. Aujourd\u2019hui, on enl\u00e8ve 300 millions d\u2019euros au budget du sport et on g\u00e8le les projets d\u2019\u00e9quipements.\u00a0\u00bb <\/p>\n<p>Avec seulement 0,18 % du budget national consacr\u00e9 au sport, la France se met en contradiction avec son ambition affich\u00e9e.<\/p>\n<p><img decoding=\"async\" loading=\"lazy\" src=\"https:\/\/www.europesays.com\/fr\/wp-content\/uploads\/2025\/08\/the-olympic-rings-3169743_1280-1024x576.jpg\" alt=\"pass\" class=\"wp-image-87598\" width=\"732\" height=\"411\"  \/>Un an apr\u00e8s Paris 2024, les responsables politiques et les associations sportives constatent avec regret les multiples retours sur les promesses faites pendant les Jeux olympiques.<\/p>\n<p>Les petits clubs en premi\u00e8re ligne<\/p>\n<p>Le soutien du secteur priv\u00e9, souvent \u00e9voqu\u00e9 comme solution, ne suffit pas. \u00ab\u00a0Les sponsors s\u2019int\u00e9ressent aux clubs pros ou aux champions, pas aux petites associations de quartier. Pour elles, c\u2019est peanuts\u00a0\u00bb , d\u00e9plore l\u2019adjoint.<\/p>\n<p>Or, ce sont ces clubs locaux qui jouent un r\u00f4le cl\u00e9 dans l\u2019acc\u00e8s au sport pour tous. Leur fragilisation met en danger l\u2019\u00e9galit\u00e9 des chances et le d\u00e9veloppement de la pratique sportive d\u00e8s l\u2019enfance.<\/p>\n<p>Des propos recueillis par L\u00e9a Canet <\/p>\n<p>Un appel \u00e0 mobilisation<\/p>\n<p>Au-del\u00e0 de Nancy, Serge Raineri regrette la passivit\u00e9 du mouvement sportif. \u00ab\u00a0Quand la culture est attaqu\u00e9e, il y a une lev\u00e9e de boucliers. Dans le sport, on ne p\u00e8se pas assez. Pourtant, 16 millions de Fran\u00e7ais pratiquent une activit\u00e9 sportive. On devrait pouvoir se faire entendre.\u00a0\u00bb <\/p>\n<p><img decoding=\"async\" loading=\"lazy\" src=\"https:\/\/www.europesays.com\/fr\/wp-content\/uploads\/2025\/08\/football-1396740_1280-1024x684.jpg\" alt=\"Sport\" class=\"wp-image-87599\" width=\"737\" height=\"492\"  \/>Le football est le sport le plus pratiqu\u00e9 en France, avec plus de deux millions de licenci\u00e9s<\/p>\n<p>\u00c0 l\u2019\u00e9chelle locale, la Ville tente d\u2019amortir le choc avec un \u00ab\u00a0Pass Famille\u00a0\u00bb , destin\u00e9 aux foyers les plus pr\u00e9caires. Mais ce dispositif reste limit\u00e9. \u00ab\u00a0On ne peut pas toujours remplacer l\u2019\u00c9tat. Nos budgets ne sont pas extensibles.\u00ab\u00a0<\/p>\n<p>Pour l\u2019adjoint au maire, cette d\u00e9cision illustre une trahison de <a href=\"https:\/\/www.magnumlaradio.com\/infos\/economie\/une-marque-vosgienne-aux-jeux-olympiques-et-paralympiques\/55057\/\" target=\"_blank\" data-type=\"URL\" data-id=\"https:\/\/www.magnumlaradio.com\/infos\/economie\/une-marque-vosgienne-aux-jeux-olympiques-et-paralympiques\/55057\/\" rel=\"noreferrer noopener nofollow\">la promesse olympique<\/a> : \u00ab\u00a0Cela fait sept ans qu\u2019on nous r\u00e9p\u00e8te que tout va changer gr\u00e2ce aux Jeux. Mais tout change en pire. On attaque la pratique sportive dans ses valeurs. C\u2019est une grave erreur et un grave danger.\u00a0\u00bb <\/p>\n<p>Comprendre que les clubs n\u2019y sont pour rien<\/p>\n<p>Avant tout, l\u2019\u00e9lu veut envoyer un message clair aux familles : \u00ab\u00a0Les clubs n\u2019ont pas d\u00e9cid\u00e9 d\u2019augmenter leurs tarifs. Si les licences co\u00fbtent 50 euros de plus, c\u2019est uniquement parce que l\u2019\u00c9tat a supprim\u00e9 son aide. Les clubs font d\u00e9j\u00e0 le maximum pour rester accessibles.\u00a0\u00bb <\/p>\n<p>Un point crucial pour \u00e9viter tensions et incompr\u00e9hensions entre associations et adh\u00e9rents.<\/p>\n<p><img decoding=\"async\" loading=\"lazy\" src=\"https:\/\/www.europesays.com\/fr\/wp-content\/uploads\/2025\/08\/awards-4167069_1280-1024x682.jpg\" alt=\"Sport\" class=\"wp-image-87600\" width=\"750\" height=\"499\"  \/>De nombreux champions olympiques comme Teddy Riner ou Florent Manaudou ont pris la parole pour d\u00e9noncer les coupes dans le budget du sport<\/p>\n<p>La suppression du Pass\u2019Sport pour les 6-13 ans d\u00e9passe la seule question budg\u00e9taire. Elle menace l\u2019acc\u00e8s au sport pour tous, fragilise les clubs locaux et met en p\u00e9ril les valeurs sociales attach\u00e9es \u00e0 la pratique sportive.<\/p>\n<p>\u00c0 Nancy, pr\u00e8s de 3 000 enfants et des dizaines d\u2019associations sont concern\u00e9s. Et, plus largement, c\u2019est tout le mouvement sportif fran\u00e7ais qui pourrait se retrouver, \u00e0 terme, sur un socle fragilis\u00e9.<\/p>\n<p>L\u00e9a CANET<\/p>\n","protected":false},"excerpt":{"rendered":"\u00c0 Nancy, pr\u00e8s de 3 000 jeunes de 6 \u00e0 13 ans perdent l\u2019aide de 50 euros du&hellip;\n","protected":false},"author":2,"featured_media":330414,"comment_status":"","ping_status":"","sticky":false,"template":"","format":"standard","meta":{"footnotes":""},"categories":[9635],"tags":[1111,11,1777,674,1011,27,775,1702,12,25],"class_list":{"0":"post-330413","1":"post","2":"type-post","3":"status-publish","4":"format-standard","5":"has-post-thumbnail","7":"category-nancy","8":"tag-actu","9":"tag-actualites","10":"tag-eu","11":"tag-europe","12":"tag-fr","13":"tag-france","14":"tag-grand-est","15":"tag-nancy","16":"tag-news","17":"tag-republique-francaise"},"share_on_mastodon":{"url":"https:\/\/pubeurope.com\/@fr\/115058175215429913","error":""},"_links":{"self":[{"href":"https:\/\/www.europesays.com\/fr\/wp-json\/wp\/v2\/posts\/330413","targetHints":{"allow":["GET"]}}],"collection":[{"href":"https:\/\/www.europesays.com\/fr\/wp-json\/wp\/v2\/posts"}],"about":[{"href":"https:\/\/www.europesays.com\/fr\/wp-json\/wp\/v2\/types\/post"}],"author":[{"embeddable":true,"href":"https:\/\/www.europesays.com\/fr\/wp-json\/wp\/v2\/users\/2"}],"replies":[{"embeddable":true,"href":"https:\/\/www.europesays.com\/fr\/wp-json\/wp\/v2\/comments?post=330413"}],"version-history":[{"count":0,"href":"https:\/\/www.europesays.com\/fr\/wp-json\/wp\/v2\/posts\/330413\/revisions"}],"wp:featuredmedia":[{"embeddable":true,"href":"https:\/\/www.europesays.com\/fr\/wp-json\/wp\/v2\/media\/330414"}],"wp:attachment":[{"href":"https:\/\/www.europesays.com\/fr\/wp-json\/wp\/v2\/media?parent=330413"}],"wp:term":[{"taxonomy":"category","embeddable":true,"href":"https:\/\/www.europesays.com\/fr\/wp-json\/wp\/v2\/categories?post=330413"},{"taxonomy":"post_tag","embeddable":true,"href":"https:\/\/www.europesays.com\/fr\/wp-json\/wp\/v2\/tags?post=330413"}],"curies":[{"name":"wp","href":"https:\/\/api.w.org\/{rel}","templated":true}]}}