{"id":330415,"date":"2025-08-20T00:06:11","date_gmt":"2025-08-20T00:06:11","guid":{"rendered":"https:\/\/www.europesays.com\/fr\/330415\/"},"modified":"2025-08-20T00:06:11","modified_gmt":"2025-08-20T00:06:11","slug":"la-baignade-interdite-sur-ces-deux-plages-a-sanary","status":"publish","type":"post","link":"https:\/\/www.europesays.com\/fr\/330415\/","title":{"rendered":"La baignade interdite sur ces deux plages \u00e0 Sanary"},"content":{"rendered":"<p>Ce mardi en fin d\u2019apr\u00e8s-midi, la mairie de Sanary informe que la baignade est temporairement suspendue sur les plages de la <strong>Gorguette<\/strong> et <a href=\"https:\/\/www.varmatin.com\/vie-locale\/tres-joli-des-poissons-partout-pourquoi-la-plage-de-portissol-a-sanary-est-un-coup-de-coeur-cet-ete-998395\" rel=\"nofollow noopener\" target=\"_blank\">de <strong>Portissol<\/strong><\/a>, \u00ab\u00a0par mesure de pr\u00e9caution en raison d\u2019une suspicion de pollution\u00a0\u00bb.<\/p>\n<p>Des analyses ont imm\u00e9diatement \u00e9t\u00e9 diligent\u00e9es et \u00ab\u00a0la r\u00e9ouverture de la zone de baignade sera annonc\u00e9e d\u00e8s que les r\u00e9sultats permettront d\u2019assurer la s\u00e9curit\u00e9 des usagers\u00a0\u00bb, indique-t-elle \u00e9galement.<\/p>\n","protected":false},"excerpt":{"rendered":"Ce mardi en fin d\u2019apr\u00e8s-midi, la mairie de Sanary informe que la baignade est temporairement suspendue sur les&hellip;\n","protected":false},"author":2,"featured_media":330416,"comment_status":"","ping_status":"","sticky":false,"template":"","format":"standard","meta":{"footnotes":""},"categories":[9619],"tags":[1111,11,436,1777,674,1011,27,12,882,25,656,2310,3366],"class_list":{"0":"post-330415","1":"post","2":"type-post","3":"status-publish","4":"format-standard","5":"has-post-thumbnail","7":"category-toulon","8":"tag-actu","9":"tag-actualites","10":"tag-environnement","11":"tag-eu","12":"tag-europe","13":"tag-fr","14":"tag-france","15":"tag-news","16":"tag-provence-alpes-cote-dazur","17":"tag-republique-francaise","18":"tag-securite","19":"tag-toulon","20":"tag-vie-locale"},"share_on_mastodon":{"url":"https:\/\/pubeurope.com\/@fr\/115058178988972691","error":""},"_links":{"self":[{"href":"https:\/\/www.europesays.com\/fr\/wp-json\/wp\/v2\/posts\/330415","targetHints":{"allow":["GET"]}}],"collection":[{"href":"https:\/\/www.europesays.com\/fr\/wp-json\/wp\/v2\/posts"}],"about":[{"href":"https:\/\/www.europesays.com\/fr\/wp-json\/wp\/v2\/types\/post"}],"author":[{"embeddable":true,"href":"https:\/\/www.europesays.com\/fr\/wp-json\/wp\/v2\/users\/2"}],"replies":[{"embeddable":true,"href":"https:\/\/www.europesays.com\/fr\/wp-json\/wp\/v2\/comments?post=330415"}],"version-history":[{"count":0,"href":"https:\/\/www.europesays.com\/fr\/wp-json\/wp\/v2\/posts\/330415\/revisions"}],"wp:featuredmedia":[{"embeddable":true,"href":"https:\/\/www.europesays.com\/fr\/wp-json\/wp\/v2\/media\/330416"}],"wp:attachment":[{"href":"https:\/\/www.europesays.com\/fr\/wp-json\/wp\/v2\/media?parent=330415"}],"wp:term":[{"taxonomy":"category","embeddable":true,"href":"https:\/\/www.europesays.com\/fr\/wp-json\/wp\/v2\/categories?post=330415"},{"taxonomy":"post_tag","embeddable":true,"href":"https:\/\/www.europesays.com\/fr\/wp-json\/wp\/v2\/tags?post=330415"}],"curies":[{"name":"wp","href":"https:\/\/api.w.org\/{rel}","templated":true}]}}