{"id":330417,"date":"2025-08-20T00:08:10","date_gmt":"2025-08-20T00:08:10","guid":{"rendered":"https:\/\/www.europesays.com\/fr\/330417\/"},"modified":"2025-08-20T00:08:10","modified_gmt":"2025-08-20T00:08:10","slug":"previsions-du-mercredi-20-aout-2025-6","status":"publish","type":"post","link":"https:\/\/www.europesays.com\/fr\/330417\/","title":{"rendered":"pr\u00e9visions du mercredi 20 ao\u00fbt 2025"},"content":{"rendered":"<p>\u00c0 Montpellier, les valeurs seront de 19\u00b0C au plus bas et de 28\u00b0C au plus haut la journ\u00e9e. Le matin, le soleil sera cach\u00e9 derri\u00e8re des nuages. Des pluies \u00e9parses vont tomber. Les temp\u00e9ratures avoisineront les 23\u00b0C. Une brise de nord-ouest soufflera doucement. Un bel ensoleillement est pr\u00e9vu l&rsquo;apr\u00e8s-midi. L&rsquo;air ambiant va se r\u00e9chauffer avec une hausse de quelques degr\u00e9s. Les temp\u00e9ratures seront comprises entre 26 et 28\u00b0C. Il fera environ 24\u00b0C, le soir. Le passage de mercredi \u00e0 jeudi s&rsquo;effectuera sous un ciel d\u00e9pourvu de nuages.<\/p>\n<p>Demain, Montpellier aura des valeurs d&rsquo;environ 24\u00b0C. Un vent de nord-ouest rafra\u00eechira l\u00e9g\u00e8rement l&rsquo;atmosph\u00e8re. Un magnifique soleil va briller et ce, tout au long de la matin\u00e9e. Le mercure affichera 23\u00b0C en moyenne. L&rsquo;apparition du soleil demain apr\u00e8s-midi sera retard\u00e9e par beaucoup de nuages. Des orages de faible intensit\u00e9 s&rsquo;inviteront et risqueront de faire gronder le ciel. D&rsquo;un autre c\u00f4t\u00e9, c&rsquo;est une hausse de plusieurs degr\u00e9s que vont enregistrer les temp\u00e9ratures. Ces valeurs s&rsquo;\u00e9chelonneront entre 27 et 28\u00b0C. Il va faire 23\u00b0C en moyenne demain soir.<\/p>\n<p>Les jours qui suivent s&rsquo;annoncent similaires. Comptez sur 29\u00b0C en moyenne qui accompagneront des journ\u00e9es ensoleill\u00e9es.<\/p>\n<p><\/p>\n","protected":false},"excerpt":{"rendered":"\u00c0 Montpellier, les valeurs seront de 19\u00b0C au plus bas et de 28\u00b0C au plus haut la journ\u00e9e.&hellip;\n","protected":false},"author":2,"featured_media":330418,"comment_status":"","ping_status":"","sticky":false,"template":"","format":"standard","meta":{"footnotes":""},"categories":[9599],"tags":[1111,11,1777,674,1011,27,7089,2681,2208,12,2680,2119,25],"class_list":{"0":"post-330417","1":"post","2":"type-post","3":"status-publish","4":"format-standard","5":"has-post-thumbnail","7":"category-montpellier","8":"tag-actu","9":"tag-actualites","10":"tag-eu","11":"tag-europe","12":"tag-fr","13":"tag-france","14":"tag-herault","15":"tag-languedoc-roussillon","16":"tag-montpellier","17":"tag-news","18":"tag-occitanie","19":"tag-previsions-meteo","20":"tag-republique-francaise"},"share_on_mastodon":{"url":"https:\/\/pubeurope.com\/@fr\/115058186868579150","error":""},"_links":{"self":[{"href":"https:\/\/www.europesays.com\/fr\/wp-json\/wp\/v2\/posts\/330417","targetHints":{"allow":["GET"]}}],"collection":[{"href":"https:\/\/www.europesays.com\/fr\/wp-json\/wp\/v2\/posts"}],"about":[{"href":"https:\/\/www.europesays.com\/fr\/wp-json\/wp\/v2\/types\/post"}],"author":[{"embeddable":true,"href":"https:\/\/www.europesays.com\/fr\/wp-json\/wp\/v2\/users\/2"}],"replies":[{"embeddable":true,"href":"https:\/\/www.europesays.com\/fr\/wp-json\/wp\/v2\/comments?post=330417"}],"version-history":[{"count":0,"href":"https:\/\/www.europesays.com\/fr\/wp-json\/wp\/v2\/posts\/330417\/revisions"}],"wp:featuredmedia":[{"embeddable":true,"href":"https:\/\/www.europesays.com\/fr\/wp-json\/wp\/v2\/media\/330418"}],"wp:attachment":[{"href":"https:\/\/www.europesays.com\/fr\/wp-json\/wp\/v2\/media?parent=330417"}],"wp:term":[{"taxonomy":"category","embeddable":true,"href":"https:\/\/www.europesays.com\/fr\/wp-json\/wp\/v2\/categories?post=330417"},{"taxonomy":"post_tag","embeddable":true,"href":"https:\/\/www.europesays.com\/fr\/wp-json\/wp\/v2\/tags?post=330417"}],"curies":[{"name":"wp","href":"https:\/\/api.w.org\/{rel}","templated":true}]}}