{"id":330419,"date":"2025-08-20T00:09:22","date_gmt":"2025-08-20T00:09:22","guid":{"rendered":"https:\/\/www.europesays.com\/fr\/330419\/"},"modified":"2025-08-20T00:09:22","modified_gmt":"2025-08-20T00:09:22","slug":"collision-poids-lourd-voiture-un-blesse-grave","status":"publish","type":"post","link":"https:\/\/www.europesays.com\/fr\/330419\/","title":{"rendered":"collision poids lourd-voiture, un bless\u00e9 grave"},"content":{"rendered":"<p>            Par<br \/>\n        <strong><br \/>\n            <a href=\"https:\/\/actu.fr\/auteur\/metropoop\" title=\"Consulter tous les articles de R\u00e9daction M\u00e9tropolitain\" rel=\"nofollow noopener\" target=\"_blank\">R\u00e9daction M\u00e9tropolitain<\/a><br \/>\n        <\/strong><\/p>\n<p>        Publi\u00e9 le<\/p>\n<p>            19 ao\u00fbt 2025 \u00e0 10h05        <\/p>\n<p>\/ DERNI\u00c8RE MINUTE \/<\/p>\n<p class=\" wall-content\">La RD 132 est coup\u00e9e dans les deux sens entre <strong>Saint-Jean-de-V\u00e9das<\/strong> et la Mosson, \u00e0 cause d\u2019un grave accident de la circulation. Des d\u00e9viations sont en place.<\/p>\n<p>    <a href=\"https:\/\/www.google.com\/maps\/embed?pb=!1m18!1m12!1m3!1d24910.750008203868!2d3.8476537678602836!3d43.58041367546813!2m3!1f0!2f0!3f0!3m2!1i1024!2i768!4f13.1!3m3!1m2!1s0x12b6ae3ce79c0e8b%3A0x7e0d53e736e38ffa!2sRdpt%20du%20Rieucoulon%2C%2034430!5e0!3m2!1sfr!2sfr!4v1755590680036!5m2!1sfr!2sfr\" title=\"Ouvrie le lien\" rel=\"nofollow noopener\" target=\"_blank\">Cliquez ici pour visualiser le contenu<\/a><\/p>\n<p class=\" wall-content\">Selon le Sdis 34, une collision s\u2019est produite entre un poids et une voiture, entre les ronds points de Rieucoulon et de celui dit \u00ab\u00a0Chez Paulette\u00a0\u00bb, dans des circonstances que les gendarmes de la compagnie de Castelnau-le-Lez seront \u00e9tablir.<\/p>\n<p class=\" wall-content\">Une personne est gri\u00e8vement bless\u00e9e dans la voiture. Les sapeurs-pompiers et le Smur-Samu proc\u00e8dent aux op\u00e9rations de secours.<\/p>\n<p class=\" wall-content\"><strong>&gt; Plus d\u2019informations \u00e0 suivre<\/strong><\/p>\n<p class=\" wall-content\">Personnalisez votre actualit\u00e9 en ajoutant vos villes et m\u00e9dias en favori avec <a href=\"https:\/\/moncompte.actu.fr\" title=\"D\u00e9couvez Mon Actu\" rel=\"nofollow noopener\" data-trk=\"{&quot;cta&quot;:{&quot;action&quot;:&quot;https:\\\/\\\/moncompte.actu.fr&quot;,&quot;category&quot;:&quot;mon compte&quot;,&quot;from&quot;:&quot;article footer&quot;,&quot;name&quot;:&quot;Mon actu&quot;,&quot;type&quot;:&quot;cta&quot;}}\" target=\"_blank\">Mon Actu<\/a>.<\/p>\n","protected":false},"excerpt":{"rendered":"Par R\u00e9daction M\u00e9tropolitain Publi\u00e9 le 19 ao\u00fbt 2025 \u00e0 10h05 \/ DERNI\u00c8RE MINUTE \/ La RD 132 est&hellip;\n","protected":false},"author":2,"featured_media":330420,"comment_status":"","ping_status":"","sticky":false,"template":"","format":"standard","meta":{"footnotes":""},"categories":[9599],"tags":[1111,11,1777,674,118,1011,27,2208,12,2680,25],"class_list":{"0":"post-330419","1":"post","2":"type-post","3":"status-publish","4":"format-standard","5":"has-post-thumbnail","7":"category-montpellier","8":"tag-actu","9":"tag-actualites","10":"tag-eu","11":"tag-europe","12":"tag-faits-divers","13":"tag-fr","14":"tag-france","15":"tag-montpellier","16":"tag-news","17":"tag-occitanie","18":"tag-republique-francaise"},"share_on_mastodon":{"url":"https:\/\/pubeurope.com\/@fr\/115058190777174321","error":""},"_links":{"self":[{"href":"https:\/\/www.europesays.com\/fr\/wp-json\/wp\/v2\/posts\/330419","targetHints":{"allow":["GET"]}}],"collection":[{"href":"https:\/\/www.europesays.com\/fr\/wp-json\/wp\/v2\/posts"}],"about":[{"href":"https:\/\/www.europesays.com\/fr\/wp-json\/wp\/v2\/types\/post"}],"author":[{"embeddable":true,"href":"https:\/\/www.europesays.com\/fr\/wp-json\/wp\/v2\/users\/2"}],"replies":[{"embeddable":true,"href":"https:\/\/www.europesays.com\/fr\/wp-json\/wp\/v2\/comments?post=330419"}],"version-history":[{"count":0,"href":"https:\/\/www.europesays.com\/fr\/wp-json\/wp\/v2\/posts\/330419\/revisions"}],"wp:featuredmedia":[{"embeddable":true,"href":"https:\/\/www.europesays.com\/fr\/wp-json\/wp\/v2\/media\/330420"}],"wp:attachment":[{"href":"https:\/\/www.europesays.com\/fr\/wp-json\/wp\/v2\/media?parent=330419"}],"wp:term":[{"taxonomy":"category","embeddable":true,"href":"https:\/\/www.europesays.com\/fr\/wp-json\/wp\/v2\/categories?post=330419"},{"taxonomy":"post_tag","embeddable":true,"href":"https:\/\/www.europesays.com\/fr\/wp-json\/wp\/v2\/tags?post=330419"}],"curies":[{"name":"wp","href":"https:\/\/api.w.org\/{rel}","templated":true}]}}