{"id":330421,"date":"2025-08-20T00:12:45","date_gmt":"2025-08-20T00:12:45","guid":{"rendered":"https:\/\/www.europesays.com\/fr\/330421\/"},"modified":"2025-08-20T00:12:45","modified_gmt":"2025-08-20T00:12:45","slug":"10-mois-de-prison-ferme-2","status":"publish","type":"post","link":"https:\/\/www.europesays.com\/fr\/330421\/","title":{"rendered":"10 mois de prison ferme"},"content":{"rendered":"<p>\t\t\t\t\t\t\t\t\t\t\t<img loading=\"lazy\" decoding=\"async\" width=\"1110\" title=\"Le migrant soudanais dealait au Carrare \u00e0 Echirolles : 10 mois de prison ferme\" class=\"img-fluid  mb-3\" src=\"https:\/\/grandgrenoble.alpes1.com\/media\/news\/thumb\/1110x624_le-migrant-soudanais-dealait-au-carrare-a-echirolles-10-mois-de-prison-ferme_68a2d001b9a08.webp\" alt=\"Le migrant soudanais dealait au Carrare \u00e0 Echirolles : 10 mois de prison ferme\" itemprop=\"image\" height=\"624\"\/>\t\t\t\t\t\t\t\t\t\t\t\t<\/p>\n<p>Le migrant soudanais dealait au Carrare \u00e0 Echirolles : 10 mois de prison ferme &#8211; DR<\/p>\n<p itemprop=\"description\"><strong>Arriv\u00e9 en Europe en 2023 apr\u00e8s avoir travers\u00e9 la M\u00e9diterran\u00e9e, un jeune Soudanais \u00e9tait tomb\u00e9 dans le trafic de drogue dans l&rsquo;agglom\u00e9ration grenobloise.<\/strong><\/p>\n<p>Arr\u00eat\u00e9 \u00e0 trois reprises dans les environs du Carrare, c\u00e9l\u00e8bre point de deal d&rsquo;Echirolles, en moins d&rsquo;un an, le demandeur d&rsquo;asile a \u00e9t\u00e9 jug\u00e9 jeudi au tribunal correctionnel de Grenoble.<\/p>\n<p>Selon <a href=\"https:\/\/c.ledauphine.com\/faits-divers-justice\/2025\/08\/17\/ibrahim-20-ans-demandeur-d-asile-soudanais-pris-dans-les-griffes-du-trafic\" target=\"_blank\" rel=\"noopener\">le Dauphin\u00e9 Lib\u00e9r\u00e9<\/a>, le pr\u00e9venu a expliqu\u00e9 que la premi\u00e8re fois qu&rsquo;il a \u00e9t\u00e9 surpris en train de dealer, il ne savait pas que cette \u00ab\u00a0activit\u00e9\u00a0\u00bb \u00e9tait ill\u00e9gale en France. Quid des deux fois suivantes ? L\u00e0 encore, des explications alambiqu\u00e9es qui ont agac\u00e9 l&rsquo;avocate g\u00e9n\u00e9rale.<\/p>\n<p>Cette derni\u00e8re a requis 10 mois de prison ferme \u00e0 son encontre.<\/p>\n<p>Le jeune Soudanais de 20 ans a pu compter sur une intervention enflamm\u00e9e de son avocat, rappelant son parcours de migrant \u00e0 travers l&rsquo;Afrique, puis sur un canot direction l&rsquo;Italie.<\/p>\n<p>Mais les juges grenoblois ont pr\u00e9f\u00e9r\u00e9 suivre les r\u00e9quisitions. A l&rsquo;issue de l&rsquo;audience, le pr\u00e9venu a \u00e9t\u00e9 incarc\u00e9r\u00e9 pour les 10 prochains mois.<\/p>\n","protected":false},"excerpt":{"rendered":"Le migrant soudanais dealait au Carrare \u00e0 Echirolles : 10 mois de prison ferme &#8211; DR Arriv\u00e9 en&hellip;\n","protected":false},"author":2,"featured_media":330422,"comment_status":"","ping_status":"","sticky":false,"template":"","format":"standard","meta":{"footnotes":""},"categories":[9566],"tags":[1111,11,7733,8279,2430,7736,650,7734,2889,2263,1777,674,1011,27,2731,8280,6417,1114,108,4662,12,3725,1825,25,7737],"class_list":{"0":"post-330421","1":"post","2":"type-post","3":"status-publish","4":"format-standard","5":"has-post-thumbnail","7":"category-grenoble","8":"tag-actu","9":"tag-actualites","10":"tag-alpes","11":"tag-alpes1","12":"tag-auvergne-rhone-alpes","13":"tag-cds","14":"tag-cinema","15":"tag-ecoute","16":"tag-emission","17":"tag-equipe","18":"tag-eu","19":"tag-europe","20":"tag-fr","21":"tag-france","22":"tag-grenoble","23":"tag-haute","24":"tag-information","25":"tag-infos","26":"tag-isere","27":"tag-journal","28":"tag-news","29":"tag-podcast","30":"tag-radio","31":"tag-republique-francaise","32":"tag-winamp"},"share_on_mastodon":{"url":"https:\/\/pubeurope.com\/@fr\/115058202639333891","error":""},"_links":{"self":[{"href":"https:\/\/www.europesays.com\/fr\/wp-json\/wp\/v2\/posts\/330421","targetHints":{"allow":["GET"]}}],"collection":[{"href":"https:\/\/www.europesays.com\/fr\/wp-json\/wp\/v2\/posts"}],"about":[{"href":"https:\/\/www.europesays.com\/fr\/wp-json\/wp\/v2\/types\/post"}],"author":[{"embeddable":true,"href":"https:\/\/www.europesays.com\/fr\/wp-json\/wp\/v2\/users\/2"}],"replies":[{"embeddable":true,"href":"https:\/\/www.europesays.com\/fr\/wp-json\/wp\/v2\/comments?post=330421"}],"version-history":[{"count":0,"href":"https:\/\/www.europesays.com\/fr\/wp-json\/wp\/v2\/posts\/330421\/revisions"}],"wp:featuredmedia":[{"embeddable":true,"href":"https:\/\/www.europesays.com\/fr\/wp-json\/wp\/v2\/media\/330422"}],"wp:attachment":[{"href":"https:\/\/www.europesays.com\/fr\/wp-json\/wp\/v2\/media?parent=330421"}],"wp:term":[{"taxonomy":"category","embeddable":true,"href":"https:\/\/www.europesays.com\/fr\/wp-json\/wp\/v2\/categories?post=330421"},{"taxonomy":"post_tag","embeddable":true,"href":"https:\/\/www.europesays.com\/fr\/wp-json\/wp\/v2\/tags?post=330421"}],"curies":[{"name":"wp","href":"https:\/\/api.w.org\/{rel}","templated":true}]}}