{"id":330423,"date":"2025-08-20T00:13:16","date_gmt":"2025-08-20T00:13:16","guid":{"rendered":"https:\/\/www.europesays.com\/fr\/330423\/"},"modified":"2025-08-20T00:13:16","modified_gmt":"2025-08-20T00:13:16","slug":"une-femme-agressee-sexuellement-par-un-mineur-de-15-ans-sur-le-boulevard-clemenceau","status":"publish","type":"post","link":"https:\/\/www.europesays.com\/fr\/330423\/","title":{"rendered":"une femme agress\u00e9e sexuellement par un mineur de 15 ans sur le boulevard Cl\u00e9menceau"},"content":{"rendered":"<p>\t\t\t\t\t\t\t\t\t\t\t<img loading=\"lazy\" decoding=\"async\" width=\"1110\" title=\"Grenoble : une femme agress\u00e9e sexuellement par un mineur de 15 ans sur le boulevard Cl\u00e9menceau\" class=\"img-fluid  mb-3\" src=\"https:\/\/grandgrenoble.alpes1.com\/media\/news\/thumb\/1110x624_grenoble-une-femme-agressee-sexuellement-par-un-mineur-de-15-ans-sur-le-boulevard-clemenceau_68a478e9722a2.webp\" alt=\"Grenoble : une femme agress\u00e9e sexuellement par un mineur de 15 ans sur le boulevard Cl\u00e9menceau\" itemprop=\"image\" height=\"624\"\/>\t\t\t\t\t\t\t\t\t\t\t\t<\/p>\n<p>Grenoble : une femme agress\u00e9e sexuellement par un mineur de 15 ans sur le boulevard Cl\u00e9menceau &#8211; DR<\/p>\n<p itemprop=\"description\"><strong>Les faits se sont d\u00e9roul\u00e9s dans la nuit de lundi \u00e0 mardi.<\/strong><\/p>\n<p>Aux alentours de 3h du matin, une femme, \u00e2g\u00e9e de 27 ans, a interpell\u00e9 la police pour alerter sur un fait d\u2019une gravit\u00e9 sans nom qu\u2019elle venait de subir. Un jeune adolescent de 15 ans lui aurait barr\u00e9 la route alors qu\u2019elle roulait sur son v\u00e9lo, pr\u00e8s du parc Paul-Mistral, sur le boulevard Cl\u00e9menceau.<\/p>\n<p>Il aurait alors profit\u00e9 du fait qu\u2019elle soit \u00e0 l\u2019arr\u00eat pour lui caresser les seins et toucher ses fesses. La victime a r\u00e9ussi \u00e0 s\u2019enfuir gr\u00e2ce au passage d\u2019une voiture. Gr\u00e2ce \u00e0 son t\u00e9moignage tr\u00e8s pr\u00e9cis, les policiers de la brigade anticriminalit\u00e9 (BAC) ont pu identifier l\u2019agresseur et l\u2019interpeller dans la rue Sidonie-Jacolin.<\/p>\n<p>Le mineur a ensuite \u00e9t\u00e9 plac\u00e9 en garde \u00e0 vue pour agression sexuelle sur la voie publique.<\/p>\n","protected":false},"excerpt":{"rendered":"Grenoble : une femme agress\u00e9e sexuellement par un mineur de 15 ans sur le boulevard Cl\u00e9menceau &#8211; DR&hellip;\n","protected":false},"author":2,"featured_media":330424,"comment_status":"","ping_status":"","sticky":false,"template":"","format":"standard","meta":{"footnotes":""},"categories":[9566],"tags":[1111,11,7733,8279,2430,7736,650,7734,2889,2263,1777,674,1011,27,2731,8280,6417,1114,108,4662,12,3725,1825,25,7737],"class_list":{"0":"post-330423","1":"post","2":"type-post","3":"status-publish","4":"format-standard","5":"has-post-thumbnail","7":"category-grenoble","8":"tag-actu","9":"tag-actualites","10":"tag-alpes","11":"tag-alpes1","12":"tag-auvergne-rhone-alpes","13":"tag-cds","14":"tag-cinema","15":"tag-ecoute","16":"tag-emission","17":"tag-equipe","18":"tag-eu","19":"tag-europe","20":"tag-fr","21":"tag-france","22":"tag-grenoble","23":"tag-haute","24":"tag-information","25":"tag-infos","26":"tag-isere","27":"tag-journal","28":"tag-news","29":"tag-podcast","30":"tag-radio","31":"tag-republique-francaise","32":"tag-winamp"},"share_on_mastodon":{"url":"https:\/\/pubeurope.com\/@fr\/115058206494196493","error":""},"_links":{"self":[{"href":"https:\/\/www.europesays.com\/fr\/wp-json\/wp\/v2\/posts\/330423","targetHints":{"allow":["GET"]}}],"collection":[{"href":"https:\/\/www.europesays.com\/fr\/wp-json\/wp\/v2\/posts"}],"about":[{"href":"https:\/\/www.europesays.com\/fr\/wp-json\/wp\/v2\/types\/post"}],"author":[{"embeddable":true,"href":"https:\/\/www.europesays.com\/fr\/wp-json\/wp\/v2\/users\/2"}],"replies":[{"embeddable":true,"href":"https:\/\/www.europesays.com\/fr\/wp-json\/wp\/v2\/comments?post=330423"}],"version-history":[{"count":0,"href":"https:\/\/www.europesays.com\/fr\/wp-json\/wp\/v2\/posts\/330423\/revisions"}],"wp:featuredmedia":[{"embeddable":true,"href":"https:\/\/www.europesays.com\/fr\/wp-json\/wp\/v2\/media\/330424"}],"wp:attachment":[{"href":"https:\/\/www.europesays.com\/fr\/wp-json\/wp\/v2\/media?parent=330423"}],"wp:term":[{"taxonomy":"category","embeddable":true,"href":"https:\/\/www.europesays.com\/fr\/wp-json\/wp\/v2\/categories?post=330423"},{"taxonomy":"post_tag","embeddable":true,"href":"https:\/\/www.europesays.com\/fr\/wp-json\/wp\/v2\/tags?post=330423"}],"curies":[{"name":"wp","href":"https:\/\/api.w.org\/{rel}","templated":true}]}}