{"id":330425,"date":"2025-08-20T00:15:43","date_gmt":"2025-08-20T00:15:43","guid":{"rendered":"https:\/\/www.europesays.com\/fr\/330425\/"},"modified":"2025-08-20T00:15:43","modified_gmt":"2025-08-20T00:15:43","slug":"le-depart-darnaud-kalimuendo-provoque-un-enorme-casse-tete-pour-le-stade-rennais","status":"publish","type":"post","link":"https:\/\/www.europesays.com\/fr\/330425\/","title":{"rendered":"Le d\u00e9part d\u2019Arnaud Kalimuendo provoque un \u00e9norme casse-t\u00eate pour le Stade Rennais !"},"content":{"rendered":"<p>\u00c0 quoi joue le Stade Rennais ? Voici la question pos\u00e9e par de nombreux observateurs en cette fin de mercato estival. Et pour cause. Si les Rennais ont parfaitement g\u00e9r\u00e9 leur entr\u00e9e en mati\u00e8re en <a href=\"https:\/\/www.footmercato.net\/france\/ligue-1\/\" rel=\"nofollow noopener\" target=\"_blank\">Ligue 1<\/a> en s\u2019imposant sur le fil (1-0) face \u00e0 l\u2019Olympique de Marseille, une interrogation centrale subsiste : le SRFC est-il suffisamment arm\u00e9 sur le plan offensif pour la saison \u00e0 venir ? Une question finalement rh\u00e9torique au regard de l\u2019effectif actuel de la formation bretonne. <\/p>\n<p>            La suite apr\u00e8s cette publicit\u00e9<\/p>\n<p>        Un secteur offensif amoindri<\/p>\n<p>En effet, si Mousa Al-Tamari et le jeune Mohamed Kader Me\u00eft\u00e9 peuvent, aujourd\u2019hui, \u00e9voluer \u00e0 la pointe de l\u2019attaque rennaise, les Rouge et Noir se retrouvent dans l\u2019obligation de recruter au poste de num\u00e9ro 9, qui plus est apr\u00e8s le d\u00e9part officiel d\u2019Arnaud Kalimuendo du c\u00f4t\u00e9 de Nottingham Forest. Pour ce faire, le SRFC pourra toutefois compter sur les nombreuses liquidit\u00e9s r\u00e9cup\u00e9r\u00e9es depuis le d\u00e9but de l\u2019\u00e9t\u00e9 et les ventes act\u00e9es de Baptiste Santamaria, Henrik Meister, Kazeem Olaigbe, Kyogo Furuhashi, Azor Matusiwa, Lorenz Assignon ou encore Adrien Truffert. <\/p>\n<p>            La suite apr\u00e8s cette publicit\u00e9<\/p>\n<p>Au total, le club entra\u00een\u00e9 par Habib Beye a ainsi encaiss\u00e9 87 millions d\u2019euros, d\u00e9pensant dans le m\u00eame temps un peu plus de 40M\u20ac pour s\u2019offrir les services de Quentin Merlin, Lilian Brassier, Mahdi Camara mais \u00e9galement Valentin Rongier. Des renforts principalement d\u00e9fensifs laissant la ligne d\u2019attaque toujours aussi d\u00e9peupl\u00e9e. \u00c0 un peu moins de deux semaines de la fin du mercato estival, Lo\u00efc D\u00e9sir\u00e9 et ses \u00e9quipes vont donc devoir travailler d\u2019arrache-pied en ce sens. <\/p>\n<p>        Lepaul en priorit\u00e9, Harder trop difficile ?<\/p>\n<p>Ces derni\u00e8res heures, nous vous indiquions \u00e0 ce titre que <a href=\"https:\/\/www.footmercato.net\/club\/stade-rennais-fc\/\" rel=\"nofollow noopener\" target=\"_blank\">Rennes<\/a> s\u2019int\u00e9ressait \u00e0 <a href=\"https:\/\/www.footmercato.net\/joueur\/conrad-harder\/\" rel=\"nofollow noopener\" target=\"_blank\">Conrad Harder<\/a>, l\u2019attaquant du Sporting CP. International danois depuis le 23 mars, l\u2019avant-centre de 20 ans a inscrit 11 buts en 47 matches, toutes comp\u00e9titions confondues, avec le club portugais lors de la saison pass\u00e9e. Arriv\u00e9 au sein du club lisbo\u00e8te \u00e0 l\u2019\u00e9t\u00e9 2024 en provenance du FC Nordsjaelland, le natif de Holte, gaucher d\u20191m85, est toutefois estim\u00e9 \u00e0 24 millions d\u2019euros selon le site sp\u00e9cialis\u00e9 Transfermarkt. Un montant cons\u00e9quent qui pourrait pousser la direction rennaise \u00e0 envisager d\u2019autres pistes, d\u2019autant plus apr\u00e8s le d\u00e9part de Viktor Gy\u00f6keres et le nouveau r\u00f4le conf\u00e9r\u00e9 \u00e0 Harder.  <\/p>\n<p>            La suite apr\u00e8s cette publicit\u00e9<\/p>\n<p>Dans cette optique et selon nos derni\u00e8res informations, l\u2019actuel 8e de L1 suit \u00e9galement de tr\u00e8s pr\u00e8s <a href=\"https:\/\/www.footmercato.net\/joueur\/esteban-lepaul\/\" rel=\"nofollow noopener\" target=\"_blank\">Est\u00e9ban Lepaul<\/a>, fer de lance du SCO et buteur lors de la premi\u00e8re journ\u00e9e. S\u00e9duit par le profil du buteur de 25 ans n\u00e9 \u00e0 Auxerre, le board rennais a ainsi d\u00e9gain\u00e9 une premi\u00e8re offre de transfert \u00e0 hauteur de 10 M\u20ac. Une proposition qui a cependant \u00e9t\u00e9 recal\u00e9e par la formation angevine qui en r\u00e9clame plus du double. Pas de quoi freiner les ardeurs du club breton qui a pr\u00e9vu une nouvelle r\u00e9union avec Angers dans les prochains jours. Conrad Harder, Est\u00e9ban Lepaul, une autre piste ? Rennes va d\u00e9sormais devoir agir vite pour compenser les d\u00e9parts de l\u2019\u00e9t\u00e9\u2026<\/p>\n<p>\n    Pub. le 19\/08\/2025 12:47<br \/>\n            &#8211; MAJ le 19\/08\/2025 20:35\n    <\/p>\n","protected":false},"excerpt":{"rendered":"\u00c0 quoi joue le Stade Rennais ? Voici la question pos\u00e9e par de nombreux observateurs en cette fin&hellip;\n","protected":false},"author":2,"featured_media":319115,"comment_status":"","ping_status":"","sticky":false,"template":"","format":"standard","meta":{"footnotes":""},"categories":[2821],"tags":[1111,11,829,1777,674,1011,27,12,584,25],"class_list":{"0":"post-330425","1":"post","2":"type-post","3":"status-publish","4":"format-standard","5":"has-post-thumbnail","7":"category-rennes","8":"tag-actu","9":"tag-actualites","10":"tag-bretagne","11":"tag-eu","12":"tag-europe","13":"tag-fr","14":"tag-france","15":"tag-news","16":"tag-rennes","17":"tag-republique-francaise"},"share_on_mastodon":{"url":"https:\/\/pubeurope.com\/@fr\/115058214410374503","error":""},"_links":{"self":[{"href":"https:\/\/www.europesays.com\/fr\/wp-json\/wp\/v2\/posts\/330425","targetHints":{"allow":["GET"]}}],"collection":[{"href":"https:\/\/www.europesays.com\/fr\/wp-json\/wp\/v2\/posts"}],"about":[{"href":"https:\/\/www.europesays.com\/fr\/wp-json\/wp\/v2\/types\/post"}],"author":[{"embeddable":true,"href":"https:\/\/www.europesays.com\/fr\/wp-json\/wp\/v2\/users\/2"}],"replies":[{"embeddable":true,"href":"https:\/\/www.europesays.com\/fr\/wp-json\/wp\/v2\/comments?post=330425"}],"version-history":[{"count":0,"href":"https:\/\/www.europesays.com\/fr\/wp-json\/wp\/v2\/posts\/330425\/revisions"}],"wp:featuredmedia":[{"embeddable":true,"href":"https:\/\/www.europesays.com\/fr\/wp-json\/wp\/v2\/media\/319115"}],"wp:attachment":[{"href":"https:\/\/www.europesays.com\/fr\/wp-json\/wp\/v2\/media?parent=330425"}],"wp:term":[{"taxonomy":"category","embeddable":true,"href":"https:\/\/www.europesays.com\/fr\/wp-json\/wp\/v2\/categories?post=330425"},{"taxonomy":"post_tag","embeddable":true,"href":"https:\/\/www.europesays.com\/fr\/wp-json\/wp\/v2\/tags?post=330425"}],"curies":[{"name":"wp","href":"https:\/\/api.w.org\/{rel}","templated":true}]}}