{"id":330426,"date":"2025-08-20T00:16:13","date_gmt":"2025-08-20T00:16:13","guid":{"rendered":"https:\/\/www.europesays.com\/fr\/330426\/"},"modified":"2025-08-20T00:16:13","modified_gmt":"2025-08-20T00:16:13","slug":"avec-la-liquidation-de-chicmedias-bruno-chibane-tourne-une-page","status":"publish","type":"post","link":"https:\/\/www.europesays.com\/fr\/330426\/","title":{"rendered":"avec la liquidation de Chicmedias, Bruno Chibane tourne une page"},"content":{"rendered":"<p>Le 21 juillet, le tribunal judiciaire de Strasbourg a prononc\u00e9 la liquidation de la soci\u00e9t\u00e9 Chicmedias, fond\u00e9e en 2008 par Bruno Chibane. Cette soci\u00e9t\u00e9 \u00e9ditait Zut , un \u201ccity magazine\u201d associant \u00ab la gratuit\u00e9 au haut de gamme \u00bb, proposant des chroniques, interviews, portraits, mode et shopping, Novo , un bimestriel culturel, \u00e9galement gratuit, ainsi que des hors-s\u00e9ries sur le Racing Club de Strasbourg (annuels depuis 2020) comme sur l\u2019artisanat local, des livres d\u2019art, des disques\u2026 Chicmedias mettait aussi son savoir-faire au service d\u2019institutions culturelles, de collectivit\u00e9s et d\u2019\u00e9v\u00e9nements.<\/p>\n<p>  Une victime du Covid-19<\/p>\n<p>\u00c9diteur ind\u00e9pendant, \u00ab passionn\u00e9 \u00bb, Bruno Chibane a toujours d\u00fb courir apr\u00e8s les annonceurs. \u00ab \u00c7a a toujours \u00e9t\u00e9 compliqu\u00e9 \u00bb, souligne-t-il, au moment de vider la petite boutique de la rue Sainte-H\u00e9l\u00e8ne, qu\u2019il projetait de transformer en caf\u00e9-librairie. La pand\u00e9mie de Covid-19 a marqu\u00e9 le d\u00e9but d\u2019une \u00ab lente et longue agonie \u00bb. Nombre de commer\u00e7ants ont abandonn\u00e9 la presse papier pour le digital, portant un coup fatal aux revenus de Chicmedias. Avec la forte augmentation du prix du papier, les charges explosent, les dettes s\u2019accumulent.<\/p>\n<p>Bruno Chibane comprend qu\u2019il doit s\u2019adosser \u00e0 un partenaire disposant d\u2019une plus grande envergure financi\u00e8re : il multiplie les contacts, en vain. Les appels au soutien des lecteurs et la solidarit\u00e9 de quelques clients et particuliers n\u2019ont pas suffi. En juin dernier, l\u2019\u00e9diteur constate qu\u2019il est dans l\u2019incapacit\u00e9 de payer les imprimeurs et les collaborateurs pour les num\u00e9ros d\u2019\u00e9t\u00e9. L\u2019entreprise comptait encore quatre salari\u00e9s (contre six en 2020) et recourait \u00e0 plus d\u2019une quinzaine de collaborateurs ind\u00e9pendants, graphistes, photographes, journalistes, illustrateurs\u2026<\/p>\n<p>Bruno Chibane s\u2019est lanc\u00e9 dans le m\u00e9tier en autodidacte, en cr\u00e9ant la revue de cin\u00e9philes Limelight , au d\u00e9but des ann\u00e9es 1990. Soixante num\u00e9ros furent publi\u00e9s jusqu\u2019en 1997, d\u2019abord sous statut associatif, puis par les \u00e9ditions Cin\u00e9fils, premi\u00e8re entreprise fond\u00e9e par le jeune admirateur de Serge Daney. La qualit\u00e9 graphique et le positionnement pointu des contenus marqu\u00e8rent l\u2019\u00e9poque et le microcosme culturel strasbourgeois. Il y eut ensuite l\u2019aventure de la presse gratuite, avec l\u2019hebdomadaire Rep\u00e8res , Polystyr\u00e8ne (en 1997, devenu Poly ), un premier d\u00e9p\u00f4t de bilan en 1998, la vente de la soci\u00e9t\u00e9, une phase de salariat\u2026 puis la cr\u00e9ation de Chicmedias.<\/p>\n<p>  35 ans d\u2019aventures \u00e9ditoriales<\/p>\n<p>\u00c0 58 ans, apr\u00e8s 35 ans d\u2019aventures \u00e9ditoriales, Bruno Chibane ne jette pas l\u2019\u00e9ponge d\u00e9finitivement. Le magazine Novo  va perdurer sous la houlette de son ami mulhousien Philippe Schweyer, des \u00e9ditions M\u00e9diapop, qui en \u00e9tait jusqu\u2019\u00e0 pr\u00e9sent co\u00e9diteur. S\u2019il se dit \u00ab vaccin\u00e9 de l\u2019entreprise \u00bb, le Strasbourgeois reste associ\u00e9 dans M\u00e9diapop, dont il va devenir un collaborateur non-salari\u00e9. D\u2019ici la fin de l\u2019ann\u00e9e, il pr\u00e9voit de boucler un hors-s\u00e9rie sur l\u2019artisanat local et un sixi\u00e8me hors-s\u00e9rie sur le Racing, qui seront donc \u00e9dit\u00e9s \u00e0 Mulhouse. Il conserve la marque Zut , qui pourrait \u00eatre relanc\u00e9e en 2026. En attendant, le \u201cZUTalk\u201d, un talk-show diffus\u00e9 sur YouTube depuis mars, devrait se poursuivre, pour tenter de toucher de nouveaux publics.<\/p>\n","protected":false},"excerpt":{"rendered":"Le 21 juillet, le tribunal judiciaire de Strasbourg a prononc\u00e9 la liquidation de la soci\u00e9t\u00e9 Chicmedias, fond\u00e9e en&hellip;\n","protected":false},"author":2,"featured_media":330427,"comment_status":"","ping_status":"","sticky":false,"template":"","format":"standard","meta":{"footnotes":""},"categories":[2820],"tags":[1111,11,2389,1777,674,107,1011,27,775,12,25,104,640,2205],"class_list":{"0":"post-330426","1":"post","2":"type-post","3":"status-publish","4":"format-standard","5":"has-post-thumbnail","7":"category-strasbourg","8":"tag-actu","9":"tag-actualites","10":"tag-alsace","11":"tag-eu","12":"tag-europe","13":"tag-fil-info","14":"tag-fr","15":"tag-france","16":"tag-grand-est","17":"tag-news","18":"tag-republique-francaise","19":"tag-societe","20":"tag-strasbourg","21":"tag-television-medias"},"share_on_mastodon":{"url":"https:\/\/pubeurope.com\/@fr\/115058218362800905","error":""},"_links":{"self":[{"href":"https:\/\/www.europesays.com\/fr\/wp-json\/wp\/v2\/posts\/330426","targetHints":{"allow":["GET"]}}],"collection":[{"href":"https:\/\/www.europesays.com\/fr\/wp-json\/wp\/v2\/posts"}],"about":[{"href":"https:\/\/www.europesays.com\/fr\/wp-json\/wp\/v2\/types\/post"}],"author":[{"embeddable":true,"href":"https:\/\/www.europesays.com\/fr\/wp-json\/wp\/v2\/users\/2"}],"replies":[{"embeddable":true,"href":"https:\/\/www.europesays.com\/fr\/wp-json\/wp\/v2\/comments?post=330426"}],"version-history":[{"count":0,"href":"https:\/\/www.europesays.com\/fr\/wp-json\/wp\/v2\/posts\/330426\/revisions"}],"wp:featuredmedia":[{"embeddable":true,"href":"https:\/\/www.europesays.com\/fr\/wp-json\/wp\/v2\/media\/330427"}],"wp:attachment":[{"href":"https:\/\/www.europesays.com\/fr\/wp-json\/wp\/v2\/media?parent=330426"}],"wp:term":[{"taxonomy":"category","embeddable":true,"href":"https:\/\/www.europesays.com\/fr\/wp-json\/wp\/v2\/categories?post=330426"},{"taxonomy":"post_tag","embeddable":true,"href":"https:\/\/www.europesays.com\/fr\/wp-json\/wp\/v2\/tags?post=330426"}],"curies":[{"name":"wp","href":"https:\/\/api.w.org\/{rel}","templated":true}]}}