{"id":330428,"date":"2025-08-20T00:17:20","date_gmt":"2025-08-20T00:17:20","guid":{"rendered":"https:\/\/www.europesays.com\/fr\/330428\/"},"modified":"2025-08-20T00:17:20","modified_gmt":"2025-08-20T00:17:20","slug":"ismael-doukoure-va-prolonger-son-contrat-alsasports","status":"publish","type":"post","link":"https:\/\/www.europesays.com\/fr\/330428\/","title":{"rendered":"Isma\u00ebl Doukour\u00e9 va prolonger son contrat \u2014 Alsa&rsquo;Sports"},"content":{"rendered":"<p><strong>Mis \u00e0 l\u2019\u00e9cart du groupe professionnel il y a une dizaine de jours, le d\u00e9fenseur Isma\u00ebl Doukour\u00e9 va prolonger son contrat, selon le tr\u00e8s fiable Fabrizio Romano. <\/strong><\/p>\n<p>Tout devrait rentrer dans l\u2019ordre. Au d\u00e9part il y a une dizaine de jours, Liam Rosenior prenait la d\u00e9cision de mettre son d\u00e9fenseur Isma\u00ebl Doukour\u00e9 \u00e0 l\u2019\u00e9cart du groupe professionnel apr\u00e8s le refus du joueur de prolonger son contrat, \u00e0 un an de son terme, et s\u2019en expliquait en conf\u00e9rence de presse : \u00ab\u00a0J\u2019ai ador\u00e9 travailler lui, il a beaucoup de qualit\u00e9s, c\u2019est un bon gars. Mais il est \u00e0 un an de la fin de son contrat, et nous devons prot\u00e9ger les droits et les int\u00e9r\u00eats du club avant tout. On lui avait donn\u00e9 une date limite pour prolonger, ce qu\u2019il n\u2019a pas fait. Ce n\u2019est pas personnel, c\u2019est une d\u00e9cision 100% professionnelle\u00a0\u00bb.<\/p>\n<p>Et si \u00ab\u00a0la porte n\u2019\u00e9tait pas ferm\u00e9e\u00a0\u00bb pour Liam Rosenior, Doukour\u00e9 s\u2019y serait manifestement engouffr\u00e9. Selon le tr\u00e8s fiable Fabrizio Romano, club et joueur sont parvenus \u00e0 un accord sur un nouveau contrat jusqu\u2019en juin 2028. Le polyvalent Strasbourgeois, qui s\u2019entra\u00eenait jusqu\u2019ici avec la r\u00e9serve du Racing le temps de trouver une solution, va donc rester en Alsace et \u00eatre un atout cl\u00e9 de la saison 2 de Liam Rosenior.  <\/p>\n","protected":false},"excerpt":{"rendered":"Mis \u00e0 l\u2019\u00e9cart du groupe professionnel il y a une dizaine de jours, le d\u00e9fenseur Isma\u00ebl Doukour\u00e9 va&hellip;\n","protected":false},"author":2,"featured_media":330429,"comment_status":"","ping_status":"","sticky":false,"template":"","format":"standard","meta":{"footnotes":""},"categories":[2820],"tags":[1111,11,1777,674,63,1011,27,775,12,4448,25,640],"class_list":{"0":"post-330428","1":"post","2":"type-post","3":"status-publish","4":"format-standard","5":"has-post-thumbnail","7":"category-strasbourg","8":"tag-actu","9":"tag-actualites","10":"tag-eu","11":"tag-europe","12":"tag-football","13":"tag-fr","14":"tag-france","15":"tag-grand-est","16":"tag-news","17":"tag-rc-strasbourg","18":"tag-republique-francaise","19":"tag-strasbourg"},"share_on_mastodon":{"url":"https:\/\/pubeurope.com\/@fr\/115058222261384143","error":""},"_links":{"self":[{"href":"https:\/\/www.europesays.com\/fr\/wp-json\/wp\/v2\/posts\/330428","targetHints":{"allow":["GET"]}}],"collection":[{"href":"https:\/\/www.europesays.com\/fr\/wp-json\/wp\/v2\/posts"}],"about":[{"href":"https:\/\/www.europesays.com\/fr\/wp-json\/wp\/v2\/types\/post"}],"author":[{"embeddable":true,"href":"https:\/\/www.europesays.com\/fr\/wp-json\/wp\/v2\/users\/2"}],"replies":[{"embeddable":true,"href":"https:\/\/www.europesays.com\/fr\/wp-json\/wp\/v2\/comments?post=330428"}],"version-history":[{"count":0,"href":"https:\/\/www.europesays.com\/fr\/wp-json\/wp\/v2\/posts\/330428\/revisions"}],"wp:featuredmedia":[{"embeddable":true,"href":"https:\/\/www.europesays.com\/fr\/wp-json\/wp\/v2\/media\/330429"}],"wp:attachment":[{"href":"https:\/\/www.europesays.com\/fr\/wp-json\/wp\/v2\/media?parent=330428"}],"wp:term":[{"taxonomy":"category","embeddable":true,"href":"https:\/\/www.europesays.com\/fr\/wp-json\/wp\/v2\/categories?post=330428"},{"taxonomy":"post_tag","embeddable":true,"href":"https:\/\/www.europesays.com\/fr\/wp-json\/wp\/v2\/tags?post=330428"}],"curies":[{"name":"wp","href":"https:\/\/api.w.org\/{rel}","templated":true}]}}