{"id":330432,"date":"2025-08-20T00:19:17","date_gmt":"2025-08-20T00:19:17","guid":{"rendered":"https:\/\/www.europesays.com\/fr\/330432\/"},"modified":"2025-08-20T00:19:17","modified_gmt":"2025-08-20T00:19:17","slug":"lassine-sinayoko-present-a-lentrainement-malgre-le-pressing-de-nice","status":"publish","type":"post","link":"https:\/\/www.europesays.com\/fr\/330432\/","title":{"rendered":"Lassine Sinayoko pr\u00e9sent \u00e0 l\u2019entra\u00eenement malgr\u00e9 le pressing de Nice"},"content":{"rendered":"<p>Alors que l\u2019OGC Nice fait le forcing pour le recruter, <a href=\"https:\/\/www.footmercato.net\/joueur\/lassine-sinayoko\/\" rel=\"nofollow noopener\" target=\"_blank\">Lassine Sinayoko<\/a>, attaquant de l\u2019AJ <a href=\"https:\/\/www.footmercato.net\/club\/association-jeunesse-auxerroise\/\" rel=\"nofollow noopener\" target=\"_blank\">Auxerre<\/a>, a d\u00e9cid\u00e9 de ne pas entrer en conflit avec son club formateur et s\u2019est pr\u00e9sent\u00e9 \u00e0 l\u2019entra\u00eenement collectif de mardi avec le reste de l\u2019effectif auxerrois. Le joueur de 25 ans est arriv\u00e9 avec le sourire pour pr\u00e9parer la rencontre contre son principal courtisan, qui a d\u00e9j\u00e0 vu une offre de 5 M\u20ac + 1 M\u20ac de bonus refus\u00e9e par l\u2019AJA, <a href=\"https:\/\/www.footmercato.net\/a8300727985994835171-mercato-le-prix-des-ndeg9-senvole-en-ligue-1\" rel=\"nofollow noopener\" target=\"_blank\">comme nous le r\u00e9v\u00e9lions lundi<\/a>.<\/p>\n<p>            La suite apr\u00e8s cette publicit\u00e9<\/p>\n<p>Malgr\u00e9 <a href=\"https:\/\/www.footmercato.net\/a146090656027303438-kevin-carlos-sengage-avec-logc-nice\" rel=\"nofollow noopener\" target=\"_blank\">l\u2019arriv\u00e9e \u00e0 Nice de l\u2019Espagnol Kevin Carlos Omoruyi<\/a>, le club azur\u00e9en ne compte pas abandonner la piste Sinayoko, dont le contrat avec Auxerre se termine en juin 2026. L\u2019international malien (20 s\u00e9lections, 6 buts) a \u00e9t\u00e9 l\u2019unique buteur auxerrois lors de la premi\u00e8re journ\u00e9e de <a href=\"https:\/\/www.footmercato.net\/france\/ligue-1\/\" rel=\"nofollow noopener\" target=\"_blank\">Ligue 1<\/a> face \u00e0 Lorient (1-0). Lors du dernier exercice, il avait inscrit 5 buts et d\u00e9livr\u00e9 9 passes d\u00e9cisives en 35 matches toutes comp\u00e9titions confondues.<\/p>\n<p>\n    Pub. le 19\/08\/2025 14:43<br \/>\n            &#8211; MAJ le 19\/08\/2025 18:20\n    <\/p>\n","protected":false},"excerpt":{"rendered":"Alors que l\u2019OGC Nice fait le forcing pour le recruter, Lassine Sinayoko, attaquant de l\u2019AJ Auxerre, a d\u00e9cid\u00e9&hellip;\n","protected":false},"author":2,"featured_media":330433,"comment_status":"","ping_status":"","sticky":false,"template":"","format":"standard","meta":{"footnotes":""},"categories":[2819],"tags":[1111,11,1777,674,1011,27,12,2401,882,25],"class_list":{"0":"post-330432","1":"post","2":"type-post","3":"status-publish","4":"format-standard","5":"has-post-thumbnail","7":"category-nice","8":"tag-actu","9":"tag-actualites","10":"tag-eu","11":"tag-europe","12":"tag-fr","13":"tag-france","14":"tag-news","15":"tag-nice","16":"tag-provence-alpes-cote-dazur","17":"tag-republique-francaise"},"share_on_mastodon":{"url":"https:\/\/pubeurope.com\/@fr\/115058230119882196","error":""},"_links":{"self":[{"href":"https:\/\/www.europesays.com\/fr\/wp-json\/wp\/v2\/posts\/330432","targetHints":{"allow":["GET"]}}],"collection":[{"href":"https:\/\/www.europesays.com\/fr\/wp-json\/wp\/v2\/posts"}],"about":[{"href":"https:\/\/www.europesays.com\/fr\/wp-json\/wp\/v2\/types\/post"}],"author":[{"embeddable":true,"href":"https:\/\/www.europesays.com\/fr\/wp-json\/wp\/v2\/users\/2"}],"replies":[{"embeddable":true,"href":"https:\/\/www.europesays.com\/fr\/wp-json\/wp\/v2\/comments?post=330432"}],"version-history":[{"count":0,"href":"https:\/\/www.europesays.com\/fr\/wp-json\/wp\/v2\/posts\/330432\/revisions"}],"wp:featuredmedia":[{"embeddable":true,"href":"https:\/\/www.europesays.com\/fr\/wp-json\/wp\/v2\/media\/330433"}],"wp:attachment":[{"href":"https:\/\/www.europesays.com\/fr\/wp-json\/wp\/v2\/media?parent=330432"}],"wp:term":[{"taxonomy":"category","embeddable":true,"href":"https:\/\/www.europesays.com\/fr\/wp-json\/wp\/v2\/categories?post=330432"},{"taxonomy":"post_tag","embeddable":true,"href":"https:\/\/www.europesays.com\/fr\/wp-json\/wp\/v2\/tags?post=330432"}],"curies":[{"name":"wp","href":"https:\/\/api.w.org\/{rel}","templated":true}]}}