{"id":330434,"date":"2025-08-20T00:21:17","date_gmt":"2025-08-20T00:21:17","guid":{"rendered":"https:\/\/www.europesays.com\/fr\/330434\/"},"modified":"2025-08-20T00:21:17","modified_gmt":"2025-08-20T00:21:17","slug":"cest-ingerable-le-durcissement-des-regles-de-vente-dalcool-pres-du-stade-de-la-beaujoire-a-nantes-ne-passe-pas","status":"publish","type":"post","link":"https:\/\/www.europesays.com\/fr\/330434\/","title":{"rendered":"\u00ab\u00a0C\u2019est ing\u00e9rable\u00a0\u00bb, le durcissement des r\u00e8gles de vente d&rsquo;alcool pr\u00e8s du stade de la Beaujoire \u00e0 Nantes ne passe pas"},"content":{"rendered":"<p class=\"article__intro\">Les r\u00e8gles de vente d&rsquo;alcool aux abords de la Beaujoire se sont durcies \u00e0 l&rsquo;occasion de la premi\u00e8re journ\u00e9e de Ligue 1, ce dimanche 17 ao\u00fbt 2025, crispant commer\u00e7ants et supporters.<\/p>\n<p>\n      L\u2019actu des r\u00e9gions\n    <\/p>\n<p>\n      Chaque jour, un tour d\u2019horizon des principales infos de toutes les r\u00e9gions.\n    <\/p>\n<p>    France T\u00e9l\u00e9visions utilise votre adresse e-mail afin de vous envoyer la newsletter \u00ab\u00a0L\u2019actu des r\u00e9gions\u00a0\u00bb. Vous pouvez vous d\u00e9sinscrire \u00e0 tout moment via le lien en bas de cette newsletter. <a target=\"_blank\" href=\"https:\/\/www.francetelevisions.fr\/groupe\/confidentialite\/politique-de-confidentialite\/politique-de-confidentialite-de-france-televisions-6503\" rel=\"nofollow noopener\">Notre politique de confidentialit\u00e9<\/a><\/p>\n<p>Devant les commerces ambulants install\u00e9s sur le parvis du stade, des affiches annoncent la couleur. \u00ab\u00a0D\u00e9sormais, nous ne pouvons plus vous vendre de l&rsquo;alcool si celui-ci n&rsquo;est pas accompagn\u00e9 de sandwichs\u00a0\u00bb, informent les \u00e9criteaux, face \u00e0 des supporters parfois circonspects.<\/p>\n<p>\u00ab\u00a0Ils ne comprennent pas. \u00c7a fait 40 ans qu&rsquo;ils viennent, qu&rsquo;ils boivent une bi\u00e8re sans manger, et du jour au lendemain on doit leur expliquer que ce n&rsquo;est plus possible\u00a0\u00bb, souffle Youssef Jnah, pr\u00e9sident de l&rsquo;association des commer\u00e7ants de La Beaujoire. \u00ab\u00a0\u00c7a cr\u00e9e de la frustration et de l&rsquo;incompr\u00e9hension&#8230;\u00a0\u00bb.<\/p>\n<p>\u00c0 l&rsquo;occasion de la premi\u00e8re journ\u00e9e de la saison 2025\/26, ce dimanche 17 ao\u00fbt, les commer\u00e7ants ont test\u00e9 l&rsquo;application de ces nouvelles r\u00e8gles, annonc\u00e9e au milieu de l&rsquo;\u00e9t\u00e9. <\/p>\n<p>Il s&rsquo;agit en fait d&rsquo;un durcissement d&rsquo;une mesure d\u00e9j\u00e0 existante. Les licences dont disposent ces \u00e9tablissements ne permettent en effet de servir de l&rsquo;alcool qu&rsquo;\u00e0 condition qu&rsquo;il soit accompagn\u00e9 d&rsquo;un repas complet. \u00ab\u00a0\u00c7a veut dire sandwich et frites\u00a0\u00bb, pr\u00e9cise le commer\u00e7ant.<\/p>\n<p>Jusqu&rsquo;ici la tol\u00e9rance restait n\u00e9anmoins de vigueur. Mais la mairie a d\u00e9cid\u00e9 d&rsquo;y mettre un stop explique Youssef Jnah. \u00ab\u00a0On nous a dit que maintenant, \u00e7a allait \u00eatre tol\u00e9rance z\u00e9ro\u00a0\u00bb.<\/p>\n<p>La d\u00e9cision s&rsquo;accompagne aussi d&rsquo;une interdiction de vendre nourriture et boissons trente minutes avant le coup d&rsquo;envoi et quinze minutes apr\u00e8s, ce qui ach\u00e8ve d&rsquo;inqui\u00e9ter le commer\u00e7ant. <\/p>\n<p>\u00ab\u00a0Quand vous avez une centaine de personnes qui attend et que vous annoncez que vous ne servez plus, \u00e7a cr\u00e9e un effet de meute. Les gens essaient de passer avant tout le monde. Ce ne sont pas de bonnes conditions de travail !\u00a0\u00bb<\/p>\n<p>Les crispations viennent aussi de la comparaison avec les conditions de ventes dans l&rsquo;enceinte du stade. Le pr\u00e9sident fustige notamment la d\u00e9cision d&rsquo;installer des distributeurs \u00e0 bi\u00e8re, en libre-service. \u00ab\u00a0Vous mettez votre carte bancaire, vous avez une bi\u00e8re qui sort. \u00c7a veut dire que tout ce\u00a0qu&rsquo;on nous interdit dehors, ils le multiplient \u00e0 l&rsquo;int\u00e9rieur\u00a0\u00bb.<\/p>\n<blockquote class=\"ftvi_content_quote\">\n<p class=\"ftvi_citation_quote\">Nous, on nous dit tol\u00e9rance z\u00e9ro mais de l&rsquo;autre c\u00f4t\u00e9 c&rsquo;est open bar. Ils font ce qu&rsquo;ils veulent.<\/p>\n<p>Youssef Jnah<\/p>\n<p class=\"ftvi_citation_source\">pr\u00e9sident de l&rsquo;association des commer\u00e7ants de La Beaujoire<\/p>\n<\/blockquote>\n<p>La loi Evin interdit pourtant la vente d\u2019alcool \u00e0 l\u2019int\u00e9rieur d\u2019une enceinte sportive, sauf d\u00e9rogations accord\u00e9es par la mairie. Il accuse la municipalit\u00e9 de favoriser les prestataires du stade, au d\u00e9triment de leurs commerces. \u00ab\u00a0Il y a une dizaine d&rsquo;ann\u00e9es, on \u00e9tait 27 entreprises. Maintenant on est plus que 13. Et ce week-end, trois ne sont pas venus\u00a0\u00bb.\u00a0<\/p>\n<p>D&rsquo;autres ont choisi de fermer la buvette, ce que Youssef Jnah envisage \u00e9galement. \u00ab\u00a0C\u2019est ing\u00e9rable pour mes employ\u00e9s comme mes clients. Donc c&rsquo;est clair et net. Si on n&rsquo;arrive pas \u00e0 trouver de solution, je supprime le bar et puis termin\u00e9\u00a0\u00bb. Pour lui, cela signifierait aussi cinq salari\u00e9s de moins, une quarantaine de f\u00fbts en moins pour le brasseur, des m\u00e9trages en moins pour le droit de place&#8230; \u00ab\u00a0C&rsquo;est toute une \u00e9conomie !\u00a0\u00bb<\/p>\n<p>Les commer\u00e7ants ne sont pas les seuls \u00e0 fustiger le durcissent des mesures. Dans un communiqu\u00e9, neuf associations de supporters des Canaries annoncent craindre la destruction du charme et de l&rsquo;\u00e2me caract\u00e9ristique du stade. <\/p>\n<p>\u00ab\u00a0Les commer\u00e7ants qui animent le parvis font partie int\u00e9grante de son identit\u00e9\u00a0\u00bb,\u00a0pr\u00e9cisent-ils. \u00ab\u00a0Qu&rsquo;elle soit motiv\u00e9e par des raisons commerciales, l\u00e9gales ou s\u00e9curitaires, cette nouvelle r\u00e8gle porte atteinte \u00e0 la convivialit\u00e9 du stade\u00a0\u00bb.<\/p>\n<p>Communiqu\u00e9 du Collectif Supporters Nantais en date du 16\/08\/2025 <a rel=\"noopener noreferrer nofollow\" href=\"https:\/\/t.co\/4AHy2qX7ru\">pic.twitter.com\/4AHy2qX7ru<\/a><\/p>\n<p> \u2014 Collectif Supporters Nantais (@SuppsFcn) <a rel=\"noopener noreferrer nofollow\" href=\"https:\/\/twitter.com\/SuppsFcn\/status\/1956650949641986063?ref_src=twsrc%5Etfw\" target=\"_blank\">August 16, 2025<\/a><\/p>\n<p>Les supporters r\u00e9clament des \u00ab\u00a0\u00e9claircissements publics\u00a0\u00bb et surtout que les vendeurs puissent continuer leurs activit\u00e9s, \u00ab\u00a0comme ils le font depuis plus de 30 ans\u00a0\u00bb.<\/p>\n<p>\u00ab\u00a0C&rsquo;est dommage parce qu&rsquo;on nous supprime le c\u00f4t\u00e9 convivial\u00a0\u00bb, regrette Youssef Jnah. \u00ab\u00a0C&rsquo;\u00e9tait un moment pour voir les coll\u00e8gues, pour refaire le monde ou le match. Ce sont des moments qui unissent&#8230;\u00a0\u00bb.<\/p>\n<p>Mais le commer\u00e7ant esp\u00e8re surtout que la situation s&rsquo;apaise. \u00ab\u00a0Ce n&rsquo;est un plaisir pour personne. Ni pour moi, ni pour nos supporters, ni pour nos adh\u00e9rents\u00a0\u00bb. Il a rendez-vous le 9 septembre \u00e0 la Mairie pour discuter du probl\u00e8me et essayer de trouver des solutions.\u00a0Contact\u00e9e, la municipalit\u00e9 de Nantes ne nous a pas r\u00e9pondu pour le moment.<\/p>\n<p><strong>Retrouvez-nous sur nos r\u00e9seaux sociaux et sur <\/strong><a target=\"_blank\" rel=\"noopener nofollow\" href=\"https:\/\/www.france.tv\"><strong>france.tv<\/strong><\/a><\/p>\n<p>  <script async src=\"https:\/\/platform.twitter.com\/widgets.js\" charset=\"utf-8\"><\/script><\/p>\n","protected":false},"excerpt":{"rendered":"Les r\u00e8gles de vente d&rsquo;alcool aux abords de la Beaujoire se sont durcies \u00e0 l&rsquo;occasion de la premi\u00e8re&hellip;\n","protected":false},"author":2,"featured_media":330435,"comment_status":"","ping_status":"","sticky":false,"template":"","format":"standard","meta":{"footnotes":""},"categories":[2818],"tags":[1111,11,1777,674,1011,27,766,12,2636,25],"class_list":{"0":"post-330434","1":"post","2":"type-post","3":"status-publish","4":"format-standard","5":"has-post-thumbnail","7":"category-nantes","8":"tag-actu","9":"tag-actualites","10":"tag-eu","11":"tag-europe","12":"tag-fr","13":"tag-france","14":"tag-nantes","15":"tag-news","16":"tag-pays-de-la-loire","17":"tag-republique-francaise"},"share_on_mastodon":{"url":"https:\/\/pubeurope.com\/@fr\/115058238086730054","error":""},"_links":{"self":[{"href":"https:\/\/www.europesays.com\/fr\/wp-json\/wp\/v2\/posts\/330434","targetHints":{"allow":["GET"]}}],"collection":[{"href":"https:\/\/www.europesays.com\/fr\/wp-json\/wp\/v2\/posts"}],"about":[{"href":"https:\/\/www.europesays.com\/fr\/wp-json\/wp\/v2\/types\/post"}],"author":[{"embeddable":true,"href":"https:\/\/www.europesays.com\/fr\/wp-json\/wp\/v2\/users\/2"}],"replies":[{"embeddable":true,"href":"https:\/\/www.europesays.com\/fr\/wp-json\/wp\/v2\/comments?post=330434"}],"version-history":[{"count":0,"href":"https:\/\/www.europesays.com\/fr\/wp-json\/wp\/v2\/posts\/330434\/revisions"}],"wp:featuredmedia":[{"embeddable":true,"href":"https:\/\/www.europesays.com\/fr\/wp-json\/wp\/v2\/media\/330435"}],"wp:attachment":[{"href":"https:\/\/www.europesays.com\/fr\/wp-json\/wp\/v2\/media?parent=330434"}],"wp:term":[{"taxonomy":"category","embeddable":true,"href":"https:\/\/www.europesays.com\/fr\/wp-json\/wp\/v2\/categories?post=330434"},{"taxonomy":"post_tag","embeddable":true,"href":"https:\/\/www.europesays.com\/fr\/wp-json\/wp\/v2\/tags?post=330434"}],"curies":[{"name":"wp","href":"https:\/\/api.w.org\/{rel}","templated":true}]}}