{"id":330436,"date":"2025-08-20T00:22:15","date_gmt":"2025-08-20T00:22:15","guid":{"rendered":"https:\/\/www.europesays.com\/fr\/330436\/"},"modified":"2025-08-20T00:22:15","modified_gmt":"2025-08-20T00:22:15","slug":"talence-accueille-les-journees-parasports-du-2-au-4-septembre","status":"publish","type":"post","link":"https:\/\/www.europesays.com\/fr\/330436\/","title":{"rendered":"Talence accueille les Journ\u00e9es Parasports du 2 au 4 septembre"},"content":{"rendered":"<p>La Halle des Sports de Talence sera le th\u00e9\u00e2tre, du 2 au 4 septembre 2025, de la deuxi\u00e8me \u00e9dition des Journ\u00e9es Parasports, organis\u00e9es conjointement par le Comit\u00e9 D\u00e9partemental du Sport Adapt\u00e9 de la Gironde et le Comit\u00e9 Handisport Gironde.<\/p>\n<p>Cet \u00e9v\u00e9nement, gratuit et ouvert \u00e0 toutes et \u00e0 tous, s\u2019inscrit dans la continuit\u00e9 des Jeux Paralympiques de Paris 2024. Pendant trois jours, le public pourra d\u00e9couvrir la diversit\u00e9 du parasport \u00e0 travers des initiations, des d\u00e9monstrations et des rencontres avec des athl\u00e8tes. L\u2019objectif affich\u00e9 est clair\u00a0: renforcer la visibilit\u00e9 du mouvement parasportif, encourager l\u2019inclusion et rappeler que le sport est accessible \u00e0 chacun, quels que soient ses capacit\u00e9s et son handicap.<\/p>\n<p>Vingt-quatre disciplines seront repr\u00e9sent\u00e9es, soutenues par une quarantaine de clubs girondins. Ce large \u00e9ventail t\u00e9moigne de la vitalit\u00e9 locale du sport adapt\u00e9 et handisport. En Gironde, le Comit\u00e9 D\u00e9partemental du Sport Adapt\u00e9 regroupe pr\u00e8s de 1 800 licenci\u00e9s et 40 clubs, mobilisant 178 b\u00e9n\u00e9voles et 5 salari\u00e9s. Du c\u00f4t\u00e9 du handisport, 724 licenci\u00e9s participent activement \u00e0 la dynamique d\u00e9partementale, \u00e9paul\u00e9s par un solide r\u00e9seau de b\u00e9n\u00e9voles et d\u2019encadrants.<\/p>\n<p>Au-del\u00e0 des chiffres, l\u2019\u00e9v\u00e9nement ambitionne d\u2019offrir un espace de rencontre entre pratiquants, familles, \u00e9ducateurs et grand public. Les organisateurs souhaitent ainsi \u00e9veiller de nouvelles vocations, susciter l\u2019envie d\u2019essayer et, pourquoi pas, d\u2019adh\u00e9rer \u00e0 un club.<\/p>\n<p>Pour Talence et la m\u00e9tropole bordelaise, ces journ\u00e9es repr\u00e9sentent \u00e9galement un moment fort de sensibilisation. L\u2019enjeu est de taille\u00a0: montrer que le sport peut \u00eatre un vecteur de plaisir, de d\u00e9passement de soi mais aussi de lien social, ind\u00e9pendamment des diff\u00e9rences.<\/p>\n<p><strong>Informations pratiques<\/strong><br class=\"autobr\"\/><br \/>\n\ud83d\udccd Halle des Sports de Talence<br class=\"autobr\"\/><br \/>\n\ud83d\udcc5 Du 2 au 4 septembre 2025<br class=\"autobr\"\/><br \/>\n\ud83c\udf9f Entr\u00e9e gratuite \u2013 tout public<\/p>\n","protected":false},"excerpt":{"rendered":"La Halle des Sports de Talence sera le th\u00e9\u00e2tre, du 2 au 4 septembre 2025, de la deuxi\u00e8me&hellip;\n","protected":false},"author":2,"featured_media":330437,"comment_status":"","ping_status":"","sticky":false,"template":"","format":"standard","meta":{"footnotes":""},"categories":[2817],"tags":[1111,11,1997,1777,674,1011,27,12,2219,25],"class_list":{"0":"post-330436","1":"post","2":"type-post","3":"status-publish","4":"format-standard","5":"has-post-thumbnail","7":"category-bordeaux","8":"tag-actu","9":"tag-actualites","10":"tag-bordeaux","11":"tag-eu","12":"tag-europe","13":"tag-fr","14":"tag-france","15":"tag-news","16":"tag-nouvelle-aquitaine","17":"tag-republique-francaise"},"share_on_mastodon":{"url":"https:\/\/pubeurope.com\/@fr\/115058241919610808","error":""},"_links":{"self":[{"href":"https:\/\/www.europesays.com\/fr\/wp-json\/wp\/v2\/posts\/330436","targetHints":{"allow":["GET"]}}],"collection":[{"href":"https:\/\/www.europesays.com\/fr\/wp-json\/wp\/v2\/posts"}],"about":[{"href":"https:\/\/www.europesays.com\/fr\/wp-json\/wp\/v2\/types\/post"}],"author":[{"embeddable":true,"href":"https:\/\/www.europesays.com\/fr\/wp-json\/wp\/v2\/users\/2"}],"replies":[{"embeddable":true,"href":"https:\/\/www.europesays.com\/fr\/wp-json\/wp\/v2\/comments?post=330436"}],"version-history":[{"count":0,"href":"https:\/\/www.europesays.com\/fr\/wp-json\/wp\/v2\/posts\/330436\/revisions"}],"wp:featuredmedia":[{"embeddable":true,"href":"https:\/\/www.europesays.com\/fr\/wp-json\/wp\/v2\/media\/330437"}],"wp:attachment":[{"href":"https:\/\/www.europesays.com\/fr\/wp-json\/wp\/v2\/media?parent=330436"}],"wp:term":[{"taxonomy":"category","embeddable":true,"href":"https:\/\/www.europesays.com\/fr\/wp-json\/wp\/v2\/categories?post=330436"},{"taxonomy":"post_tag","embeddable":true,"href":"https:\/\/www.europesays.com\/fr\/wp-json\/wp\/v2\/tags?post=330436"}],"curies":[{"name":"wp","href":"https:\/\/api.w.org\/{rel}","templated":true}]}}