{"id":330454,"date":"2025-08-20T00:34:12","date_gmt":"2025-08-20T00:34:12","guid":{"rendered":"https:\/\/www.europesays.com\/fr\/330454\/"},"modified":"2025-08-20T00:34:12","modified_gmt":"2025-08-20T00:34:12","slug":"le-venezuela-denonce-le-kidnapping-de-66-enfants-aux-etats-unis","status":"publish","type":"post","link":"https:\/\/www.europesays.com\/fr\/330454\/","title":{"rendered":"Le Venezuela d\u00e9nonce le \u00ab\u00a0kidnapping\u00a0\u00bb de 66 enfants aux \u00c9tats-Unis"},"content":{"rendered":"\n<p class=\"c-chapo \">\n  Caracas exige de l&rsquo;administration de Donald Trump que les enfants dont les parents ont \u00e9t\u00e9 expuls\u00e9s des Etats-Unis soient remis aux autorit\u00e9s v\u00e9n\u00e9zu\u00e9liennes.\n<\/p>\n<p>            lire plus tard<\/p>\n<p id=\"dialog__title\" class=\"dialog__title\">Pour sauvegarder cet article, connectez-vous ou cr\u00e9ez un compte franceinfo<\/p>\n<p class=\"dialog__description\">Sans paiement. Sans abonnement.<\/p>\n<p>        Fermer la fen\u00eatre d\u2019activation des notifications France Info<\/p>\n<p>            cr\u00e9er votre compte<\/p>\n<p>            se connecter<\/p>\n<p>        Fermer la fen\u00eatre de pr\u00e9sentation<\/p>\n<p>    <img loading=\"lazy\" decoding=\"async\" class=\"signature__image lazyload\" width=\"100\" height=\"100\" data- alt=\"\" src=\"https:\/\/www.europesays.com\/fr\/wp-content\/uploads\/2025\/05\/64a68815cd1a7_placeholder-36b69ec8.png\"\/><\/p>\n<p>    Publi\u00e9 le 19\/08\/2025 23:44<\/p>\n<p>        Temps de lecture : 2min<\/p>\n<p>    <img decoding=\"async\"  alt=\"Le pr\u00e9sident v\u00e9n\u00e9zu\u00e9lien Nicolas Maduro tient Maikelys Espinoza, une fillette de deux ans s\u00e9par\u00e9e de ses parents lors d'une proc\u00e9dure d'expulsion des \u00c9tats-Unis, \u00e0 Caracas, le 14 mai 2025. (ZURIMAC CAMPOS \/ VENEZUELAN PRESIDENCY \/ AFP)\" width=\"432\" height=\"243\" src=\"https:\/\/www.europesays.com\/fr\/wp-content\/uploads\/2025\/08\/000-46pp9kd-68a4ebd840ab3274814708.jpg\" fetchpriority=\"high\"\/><\/p>\n<p>      Le pr\u00e9sident v\u00e9n\u00e9zu\u00e9lien Nicolas Maduro tient Maikelys Espinoza, une fillette de deux ans s\u00e9par\u00e9e de ses parents lors d&rsquo;une proc\u00e9dure d&rsquo;expulsion des \u00c9tats-Unis, \u00e0 Caracas, le 14 mai 2025. (ZURIMAC CAMPOS \/ VENEZUELAN PRESIDENCY \/ AFP)<\/p>\n<p>Le gouvernement v\u00e9n\u00e9zu\u00e9lien a assur\u00e9, mardi 19 ao\u00fbt, que 66 enfants v\u00e9n\u00e9zu\u00e9liens \u00e9taient toujours \u00ab\u00a0kidnapp\u00e9s\u00a0\u00bb aux \u00c9tats-Unis apr\u00e8s avoir \u00e9t\u00e9 s\u00e9par\u00e9s de leurs parents <a href=\"https:\/\/la1ere.franceinfo.fr\/guadeloupe\/l-administration-trump-met-fin-au-statut-legal-de-plus-de-500-000-migrants-originaires-d-haiti-du-nicaragua-et-du-venezuela-1572124.html\" rel=\"nofollow noopener\" target=\"_blank\">lors du processus d&rsquo;expulsion vers le Venezuela<\/a>. Caracas, qui a d\u00e9j\u00e0 obtenu le retour de plusieurs enfants, exige de l&rsquo;administration de Donald Trump que les enfants soient remis aux autorit\u00e9s v\u00e9n\u00e9zu\u00e9liennes pour leur retour au pays avec leurs familles.<\/p>\n<p>Soixante-six, \u00ab\u00a0c&rsquo;est un chiffre qui augmente chaque jour, c&rsquo;est quelque chose de tr\u00e8s pr\u00e9occupant. C&rsquo;est une politique cruelle et inhumaine \u00ab\u00a0, a d\u00e9nonc\u00e9 Camila Fabri, pr\u00e9sidente du plan gouvernemental \u00ab\u00a0Retour \u00e0 la Patrie\u00a0\u00bb, lanc\u00e9 en 2018 par <a href=\"https:\/\/www.franceinfo.fr\/monde\/venezuela\/elections-legislatives-et-regionales-au-venezuela-ecrasante-victoire-de-nicolas-maduro-en-l-absence-de-l-opposition_7273374.html\" rel=\"nofollow noopener\" target=\"_blank\">le pr\u00e9sident Nicolas Maduro<\/a> pour le retour volontaire des migrants. \u00ab\u00a0Nous allons ramener les 66 enfants\u00a0\u00bb, a-t-elle promis en compagnie d&rsquo;un groupe de m\u00e8res qui ont lu une lettre adress\u00e9e \u00e0 la Premi\u00e8re Dame des \u00c9tats-Unis, Melania Trump.<\/p>\n<p>Jusqu&rsquo;\u00e0 pr\u00e9sent, 21 enfants, <a href=\"https:\/\/la1ere.franceinfo.fr\/guadeloupe\/la-fillette-venezuelienne-separee-de-ses-parents-expulses-par-les-etats-unis-est-enfin-rentree-a-caracas-1587503.html\" rel=\"nofollow noopener\" target=\"_blank\">dont Maikelys Espinoza<\/a>, fille de l&rsquo;un des 252 migrants v\u00e9n\u00e9zu\u00e9liens d\u00e9port\u00e9s par les \u00c9tats-Unis dans une prison de haute s\u00e9curit\u00e9 au Salvador et lib\u00e9r\u00e9s le 18 juillet apr\u00e8s un nouvel \u00e9change de prisonniers, sont retourn\u00e9s au pays.\u00a0<\/p>\n<p>Camila Fabri a par ailleurs pr\u00e9cis\u00e9 que 10 631 migrants v\u00e9n\u00e9zu\u00e9liens ont \u00e9t\u00e9 rapatri\u00e9s en 2025. Ce chiffre inclut les expuls\u00e9s des \u00c9tats-Unis, mais aussi les migrants bloqu\u00e9s au Mexique qui ont \u00e9t\u00e9 ramen\u00e9s gr\u00e2ce au plan \u00ab\u00a0Retour \u00e0 la Patrie\u00a0\u00bb. De nationalit\u00e9 italienne, Camila Fabri est l&rsquo;\u00e9pouse d&rsquo;Alex Saab, homme d&rsquo;affaires colombien naturalis\u00e9 v\u00e9n\u00e9zu\u00e9lien accus\u00e9 d&rsquo;\u00eatre l'\u00a0\u00bbhomme de paille\u00a0\u00bb de Nicolas Maduro. Arr\u00eat\u00e9 au Cap-Vert, puis emprisonn\u00e9 aux Etats-Unis, il a \u00e9t\u00e9 lib\u00e9r\u00e9 en 2023 lors d&rsquo;un \u00e9change de prisonniers entre Caracas et Washington.<\/p>\n","protected":false},"excerpt":{"rendered":"Caracas exige de l&rsquo;administration de Donald Trump que les enfants dont les parents ont \u00e9t\u00e9 expuls\u00e9s des Etats-Unis&hellip;\n","protected":false},"author":2,"featured_media":330455,"comment_status":"","ping_status":"","sticky":false,"template":"","format":"standard","meta":{"footnotes":""},"categories":[1888],"tags":[1111,1928,11,1927,1777,674,1011,27,12,1926,626,1925,25],"class_list":{"0":"post-330454","1":"post","2":"type-post","3":"status-publish","4":"format-standard","5":"has-post-thumbnail","7":"category-paris","8":"tag-actu","9":"tag-actu-paris","10":"tag-actualites","11":"tag-actualites-paris","12":"tag-eu","13":"tag-europe","14":"tag-fr","15":"tag-france","16":"tag-news","17":"tag-news-paris","18":"tag-paris","19":"tag-paris-news","20":"tag-republique-francaise"},"share_on_mastodon":{"url":"https:\/\/pubeurope.com\/@fr\/115058289319982155","error":""},"_links":{"self":[{"href":"https:\/\/www.europesays.com\/fr\/wp-json\/wp\/v2\/posts\/330454","targetHints":{"allow":["GET"]}}],"collection":[{"href":"https:\/\/www.europesays.com\/fr\/wp-json\/wp\/v2\/posts"}],"about":[{"href":"https:\/\/www.europesays.com\/fr\/wp-json\/wp\/v2\/types\/post"}],"author":[{"embeddable":true,"href":"https:\/\/www.europesays.com\/fr\/wp-json\/wp\/v2\/users\/2"}],"replies":[{"embeddable":true,"href":"https:\/\/www.europesays.com\/fr\/wp-json\/wp\/v2\/comments?post=330454"}],"version-history":[{"count":0,"href":"https:\/\/www.europesays.com\/fr\/wp-json\/wp\/v2\/posts\/330454\/revisions"}],"wp:featuredmedia":[{"embeddable":true,"href":"https:\/\/www.europesays.com\/fr\/wp-json\/wp\/v2\/media\/330455"}],"wp:attachment":[{"href":"https:\/\/www.europesays.com\/fr\/wp-json\/wp\/v2\/media?parent=330454"}],"wp:term":[{"taxonomy":"category","embeddable":true,"href":"https:\/\/www.europesays.com\/fr\/wp-json\/wp\/v2\/categories?post=330454"},{"taxonomy":"post_tag","embeddable":true,"href":"https:\/\/www.europesays.com\/fr\/wp-json\/wp\/v2\/tags?post=330454"}],"curies":[{"name":"wp","href":"https:\/\/api.w.org\/{rel}","templated":true}]}}