{"id":330456,"date":"2025-08-20T00:35:19","date_gmt":"2025-08-20T00:35:19","guid":{"rendered":"https:\/\/www.europesays.com\/fr\/330456\/"},"modified":"2025-08-20T00:35:19","modified_gmt":"2025-08-20T00:35:19","slug":"paris-fc-kevin-trapp-est-arrive-dans-la-capitale-pour-passer-sa-visite-medicale","status":"publish","type":"post","link":"https:\/\/www.europesays.com\/fr\/330456\/","title":{"rendered":"Paris FC\u00a0: Kevin Trapp est arriv\u00e9 dans la capitale pour passer sa visite m\u00e9dicale"},"content":{"rendered":"<p class=\"paragraph text_align_left lp-f-body-02\">Nouvelle signature en approche au <a href=\"https:\/\/www.leparisien.fr\/sports\/football\/paris-fc\/\" target=\"_blank\" rel=\"noreferrer nofollow noopener\">Paris FC<\/a>. Apr\u00e8s l\u2019attaquant Willem Geubbels, officiellement parisien depuis ce dimanche 17\u00a0ao\u00fbt, le club de la capitale s\u2019appr\u00eate \u00e0 officialiser la venue de Kevin Trapp. <a href=\"https:\/\/www.leparisien.fr\/sports\/football\/paris-fc\/mercato-le-paris-fc-tout-proche-dattirer-kevin-trapp-lancien-gardien-du-psg-13-08-2025-CDGOGD6XK5AVJDPTB4W4GNEJYA.php\" target=\"_blank\" rel=\"noreferrer nofollow noopener\">Comme annonc\u00e9 par \u00ab\u00a0Le Parisien\u00a0\u00bb d\u00e8s le 13\u00a0ao\u00fbt dernier, <\/a>l\u2019ancien joueur du Paris Saint-Germain va s\u2019engager pour trois ans.<\/p>\n<p class=\"paragraph text_align_left lp-f-body-02\">Kevin Trapp est arriv\u00e9 \u00e0 Paris ce mardi 19\u00a0ao\u00fbt et doit passer sa visite m\u00e9dicale avant la fin de la journ\u00e9e. Le montant du transfert avec Francfort est estim\u00e9 \u00e0 un million d\u2019euros. Le club allemand avait d\u2019ailleurs indiqu\u00e9 durant le week-end que le joueur \u00e9tait \u00ab\u00a0en pourparlers avec un autre club et donc absent de l\u2019effectif\u00a0\u00bb.<\/p>\n<p class=\"paragraph text_align_left lp-f-body-02\">Le gardien va donc retrouver la Ligue\u00a01 et la capitale o\u00f9 il avait pass\u00e9 trois ans avec le PSG entre\u00a02015 et\u00a02018. Fort notamment <a href=\"https:\/\/www.leparisien.fr\/sports\/football\/psg\/ligue-europa-je-ne-pense-plus-au-psg-kevin-trapp-de-retour-au-premier-plan-avec-francfort-05-05-2022-PGEHNDEX3NAJBG42MECDHCUQZM.php\" target=\"_blank\" rel=\"noreferrer nofollow noopener\">d\u2019une Ligue Europa avec Francfort lors de l\u2019exercice 2021-2022,<\/a> il va apporter son exp\u00e9rience au Paris FC.<\/p>\n<p class=\"paragraph text_align_left lp-f-body-02\">Plus t\u00f4t dans la journ\u00e9e, le club a par ailleurs annonc\u00e9 le d\u00e9part en pr\u00eat du jeune Omar Sissoko, 19\u00a0ans. L\u2019attaquant, qui a disput\u00e9 11 matchs la saison derni\u00e8re, va retrouver la Ligue\u00a02 puisqu\u2019il rejoint le Pau FC.<\/p>\n","protected":false},"excerpt":{"rendered":"Nouvelle signature en approche au Paris FC. Apr\u00e8s l\u2019attaquant Willem Geubbels, officiellement parisien depuis ce dimanche 17\u00a0ao\u00fbt, le&hellip;\n","protected":false},"author":2,"featured_media":330457,"comment_status":"","ping_status":"","sticky":false,"template":"","format":"standard","meta":{"footnotes":""},"categories":[1888],"tags":[1111,1928,11,1927,1777,674,63,1011,27,12,1926,626,445,1925,25,60],"class_list":{"0":"post-330456","1":"post","2":"type-post","3":"status-publish","4":"format-standard","5":"has-post-thumbnail","7":"category-paris","8":"tag-actu","9":"tag-actu-paris","10":"tag-actualites","11":"tag-actualites-paris","12":"tag-eu","13":"tag-europe","14":"tag-football","15":"tag-fr","16":"tag-france","17":"tag-news","18":"tag-news-paris","19":"tag-paris","20":"tag-paris-fc","21":"tag-paris-news","22":"tag-republique-francaise","23":"tag-sports"},"share_on_mastodon":{"url":"https:\/\/pubeurope.com\/@fr\/115058293056361173","error":""},"_links":{"self":[{"href":"https:\/\/www.europesays.com\/fr\/wp-json\/wp\/v2\/posts\/330456","targetHints":{"allow":["GET"]}}],"collection":[{"href":"https:\/\/www.europesays.com\/fr\/wp-json\/wp\/v2\/posts"}],"about":[{"href":"https:\/\/www.europesays.com\/fr\/wp-json\/wp\/v2\/types\/post"}],"author":[{"embeddable":true,"href":"https:\/\/www.europesays.com\/fr\/wp-json\/wp\/v2\/users\/2"}],"replies":[{"embeddable":true,"href":"https:\/\/www.europesays.com\/fr\/wp-json\/wp\/v2\/comments?post=330456"}],"version-history":[{"count":0,"href":"https:\/\/www.europesays.com\/fr\/wp-json\/wp\/v2\/posts\/330456\/revisions"}],"wp:featuredmedia":[{"embeddable":true,"href":"https:\/\/www.europesays.com\/fr\/wp-json\/wp\/v2\/media\/330457"}],"wp:attachment":[{"href":"https:\/\/www.europesays.com\/fr\/wp-json\/wp\/v2\/media?parent=330456"}],"wp:term":[{"taxonomy":"category","embeddable":true,"href":"https:\/\/www.europesays.com\/fr\/wp-json\/wp\/v2\/categories?post=330456"},{"taxonomy":"post_tag","embeddable":true,"href":"https:\/\/www.europesays.com\/fr\/wp-json\/wp\/v2\/tags?post=330456"}],"curies":[{"name":"wp","href":"https:\/\/api.w.org\/{rel}","templated":true}]}}