{"id":330460,"date":"2025-08-20T00:37:20","date_gmt":"2025-08-20T00:37:20","guid":{"rendered":"https:\/\/www.europesays.com\/fr\/330460\/"},"modified":"2025-08-20T00:37:20","modified_gmt":"2025-08-20T00:37:20","slug":"kevin-trapp-rejoint-officiellement-le-paris-fc","status":"publish","type":"post","link":"https:\/\/www.europesays.com\/fr\/330460\/","title":{"rendered":"Kevin Trapp rejoint officiellement le Paris FC"},"content":{"rendered":"<p>Le club parisien a officialis\u00e9 l\u2019arriv\u00e9e du gardien de but allemand via ses r\u00e9seaux sociaux ce mardi.<\/p>\n<p class=\"fig-paragraph\">Kevin Trapp de retour \u00e0 Paris, mais pas sous le m\u00eame maillot. Six ans apr\u00e8s son d\u00e9part du Paris SG, o\u00f9 il a \u00e9volu\u00e9 pendant quatre saisons, le gardien allemand s\u2019est engag\u00e9 ce mardi avec le Paris FC, promu cette ann\u00e9e en Ligue 1. A 35 ans, le portier aux 9 s\u00e9lections avec la Mannschaft s\u2019est engag\u00e9 pour trois saisons, jusqu\u2019en juin 2028.<\/p>\n","protected":false},"excerpt":{"rendered":"Le club parisien a officialis\u00e9 l\u2019arriv\u00e9e du gardien de but allemand via ses r\u00e9seaux sociaux ce mardi. Kevin&hellip;\n","protected":false},"author":2,"featured_media":330461,"comment_status":"","ping_status":"","sticky":false,"template":"","format":"standard","meta":{"footnotes":""},"categories":[1888],"tags":[11,69,2261,1777,674,63,1011,27,3309,6201,453,66,446,1434,12,626,70,25,67,969,10662],"class_list":{"0":"post-330460","1":"post","2":"type-post","3":"status-publish","4":"format-standard","5":"has-post-thumbnail","7":"category-paris","8":"tag-actualites","9":"tag-bundesliga","10":"tag-calcio","11":"tag-eu","12":"tag-europe","13":"tag-football","14":"tag-fr","15":"tag-france","16":"tag-l1","17":"tag-l2","18":"tag-liga","19":"tag-ligue-1","20":"tag-ligue-2","21":"tag-mercato","22":"tag-news","23":"tag-paris","24":"tag-premier-league","25":"tag-republique-francaise","26":"tag-serie-a","27":"tag-transfert","28":"tag-transferts"},"share_on_mastodon":{"url":"https:\/\/pubeurope.com\/@fr\/115058301037312757","error":""},"_links":{"self":[{"href":"https:\/\/www.europesays.com\/fr\/wp-json\/wp\/v2\/posts\/330460","targetHints":{"allow":["GET"]}}],"collection":[{"href":"https:\/\/www.europesays.com\/fr\/wp-json\/wp\/v2\/posts"}],"about":[{"href":"https:\/\/www.europesays.com\/fr\/wp-json\/wp\/v2\/types\/post"}],"author":[{"embeddable":true,"href":"https:\/\/www.europesays.com\/fr\/wp-json\/wp\/v2\/users\/2"}],"replies":[{"embeddable":true,"href":"https:\/\/www.europesays.com\/fr\/wp-json\/wp\/v2\/comments?post=330460"}],"version-history":[{"count":0,"href":"https:\/\/www.europesays.com\/fr\/wp-json\/wp\/v2\/posts\/330460\/revisions"}],"wp:featuredmedia":[{"embeddable":true,"href":"https:\/\/www.europesays.com\/fr\/wp-json\/wp\/v2\/media\/330461"}],"wp:attachment":[{"href":"https:\/\/www.europesays.com\/fr\/wp-json\/wp\/v2\/media?parent=330460"}],"wp:term":[{"taxonomy":"category","embeddable":true,"href":"https:\/\/www.europesays.com\/fr\/wp-json\/wp\/v2\/categories?post=330460"},{"taxonomy":"post_tag","embeddable":true,"href":"https:\/\/www.europesays.com\/fr\/wp-json\/wp\/v2\/tags?post=330460"}],"curies":[{"name":"wp","href":"https:\/\/api.w.org\/{rel}","templated":true}]}}