{"id":330462,"date":"2025-08-20T00:38:13","date_gmt":"2025-08-20T00:38:13","guid":{"rendered":"https:\/\/www.europesays.com\/fr\/330462\/"},"modified":"2025-08-20T00:38:13","modified_gmt":"2025-08-20T00:38:13","slug":"les-ministres-des-affaires-etrangeres-russe-et-egyptien-discutent-du-conflit-israelo-palestinien-anadolu-ajansi","status":"publish","type":"post","link":"https:\/\/www.europesays.com\/fr\/330462\/","title":{"rendered":"Les ministres des Affaires \u00e9trang\u00e8res russe et \u00e9gyptien discutent du conflit isra\u00e9lo-palestinien &#8211; Anadolu Ajans\u0131"},"content":{"rendered":"<ol>\n<li><a href=\"https:\/\/news.google.com\/rss\/articles\/CBMi6wFBVV95cUxQTkpUVkhkdHB4U0VVeERBdkpCQ1cyM1JIV0ozWFl6RUJidFU4SVBIUS1STWFaRlNGNHFxSEVuWGliNzJDMFFzMzlOWHFNZ0N0bmJfT195dHBWZm53X0FkbC1DbTE2ZlZuOWtQZVVjMVJtUlA2LWJjNm1pZS1qMmNzU1dzeUNoZy1XaUlxdDNpZHpoaTN2eDd5UzVvdVBCLTViaGJEbjhQWTNyNDQ1U1Q2N2pwSVNkdldzS09DdFJYUkNoeE93dHBlVmFxOWJaMHBhWEdPQjh4a3ZQT0xSR2xjc3RNdWNvMlAySVNR?oc=5\" target=\"_blank\" rel=\"nofollow noopener\">Les ministres des Affaires \u00e9trang\u00e8res russe et \u00e9gyptien discutent du conflit isra\u00e9lo-palestinien<\/a>&nbsp;&nbsp;Anadolu Ajans\u0131<\/li>\n<li><a href=\"https:\/\/news.google.com\/rss\/articles\/CBMirgJBVV95cUxNOTRIYnFaRkFVYmMzT2Q1X2owVDcwcm5oX1Z3bW5obmlpZjhJT3dvMDZxajdzNGM3RnIzZ29KS0d1RDRTNm1lN2NmSkFrYk13bGpQQVpkZ29hQUlHYU1BMThzaEplS1dRd3VQU2lCVUlqMVJOQUlLNUstUGozZlJsOHRxMFlTR2Q2Mi1pLTZLMnNHNEV3cnFVMHRMWEhTdG0ybmZCMHgtZ2J6T2oycHVQeXdMV1FIZFhXMDdxZXJxUXVWX1o2akdPdXVkY2RkTUlmX2FGMG5MNTlQUWpJaUQ5aE5sUE5yXy14eW5ZdEg5Nm1HNjkwMEd3enZROGtzRzV5MENBMnU3U1liS0wxOVc0OC1YWTdIaFN2QUlyVjMwSktHWkRRMzRRcjVmY2RoQQ?oc=5\" target=\"_blank\" rel=\"nofollow noopener\">En direct, Gaza : selon le Qatar, la proposition accept\u00e9e par le Hamas reprend \u00ab presque int\u00e9gralement \u00bb un pr\u00e9c\u00e9dent plan approuv\u00e9 par Isra\u00ebl<\/a>&nbsp;&nbsp;Le Monde.fr<\/li>\n<li><a href=\"https:\/\/news.google.com\/rss\/articles\/CBMi1AFBVV95cUxPM1lrWm1SSjdqLUVfTmFvUjUyNjZkRm5CM1VfTi1Xa3Y1RllYdVJBZmtUSkR2dDdjZ0NReXY5OWlWcjZRWlVYaWU0SkFWVEdaZ1o5bnNRY1BDSzZLNFZpMHN3STNnVUtuTGcyQmxVMktmMDI0Mm1teGZLU3RSR0lHNFJua3FtSmhJRDV1OFhRUDR5ay1zdEVfR0k4WTFJVFNxeTRrNWE3V0FneWdVQU9EMVo2OVpyUVRxWHhvZzhkdW5sSEplQTJKaVZ4QzU0d01fYmpnRA?oc=5\" target=\"_blank\" rel=\"nofollow noopener\">Isra\u00ebl continue d&rsquo;exiger la lib\u00e9ration de \u00ab\u00a0tous les otages\u00a0\u00bb pour une tr\u00eave \u00e0 Gaza<\/a>&nbsp;&nbsp;Portail Orange<\/li>\n<li><a href=\"https:\/\/news.google.com\/rss\/articles\/CBMiwAFBVV95cUxPQlZZX2RlelpHNjhrRV9jUTM4a01LcDlsMG9IX1RVYk5yMjI4LTd1VnNNU19JTDVVNDVkVGRzMmMyeDJYck1XbWNuNTFCVGVFZ1EzcF9rUnBiclVoV2NyWWtIaFd3c01sZEMtVlFwYUlNS3hMM0V2RWFvbU1ydG5Ec3FXTFo3RF9TOGdDSDM3TzFwaHhWbllXdlU2RnNmMXdUazVkTWRWR3BRZy1xb3V0dzB6eHRlbDFyZ1ZkYnA4el8?oc=5\" target=\"_blank\" rel=\"nofollow noopener\">\u00c9gypte : \u00ab\u00a0La Vraie Menace, C\u2019est La Guerre Et La Pr\u00e9sence Isra\u00e9lienne \u00c0 Gaza\u00a0\u00bb<\/a>&nbsp;&nbsp;i24NEWS<\/li>\n<li><a href=\"https:\/\/news.google.com\/rss\/articles\/CBMi3AFBVV95cUxOekJJYXJ6bmI4NGdmMVF4TkRxaGFvVmwwdVlDWmpObmV6LUdxQ1JFTDhXRjY1SmhwblR4bzhPamdGSDczcU0xWWxMdjcwWmJoU1J6MWI3YVA4THV1UXN0LWkwbEVsUVFOeGdLUDZkQUg2MEpGeGlZN0I4cXdoZ0xURUlMNW90NmhqbkdrMVJKUWxLcnB3NnZCVl9KRjJONVJxTGFlLVVkdkNMWjUyTHFaOWVRVlJpbXA0U3ladVZPWHdzd3dVX205WC10aDVtbmp3TjJuVEl2V0lyakRa?oc=5\" target=\"_blank\" rel=\"nofollow noopener\">Accord sur les otages : apr\u00e8s le oui du Hamas, \u201cla balle est dans le camp d\u2019Isra\u00ebl\u201d<\/a>&nbsp;&nbsp;Courrier international<\/li>\n<\/ol>\n","protected":false},"excerpt":{"rendered":"Les ministres des Affaires \u00e9trang\u00e8res russe et \u00e9gyptien discutent du conflit isra\u00e9lo-palestinien&nbsp;&nbsp;Anadolu Ajans\u0131 En direct, Gaza : selon&hellip;\n","protected":false},"author":2,"featured_media":330463,"comment_status":"","ping_status":"","sticky":false,"template":"","format":"standard","meta":{"footnotes":""},"categories":[1591],"tags":[11,1785,46819,19753,1887,665,46820,12,1885,1886,132],"class_list":{"0":"post-330462","1":"post","2":"type-post","3":"status-publish","4":"format-standard","5":"has-post-thumbnail","7":"category-russie","8":"tag-actualites","9":"tag-anadolu-ajansi","10":"tag-badr-abdelatty","11":"tag-conflit-isralo-palestinien","12":"tag-federation-de-russie","13":"tag-gaza","14":"tag-mae-russe-sergey-lavrov","15":"tag-news","16":"tag-russia","17":"tag-russian-federation","18":"tag-russie"},"share_on_mastodon":{"url":"https:\/\/pubeurope.com\/@fr\/115058304891582659","error":""},"_links":{"self":[{"href":"https:\/\/www.europesays.com\/fr\/wp-json\/wp\/v2\/posts\/330462","targetHints":{"allow":["GET"]}}],"collection":[{"href":"https:\/\/www.europesays.com\/fr\/wp-json\/wp\/v2\/posts"}],"about":[{"href":"https:\/\/www.europesays.com\/fr\/wp-json\/wp\/v2\/types\/post"}],"author":[{"embeddable":true,"href":"https:\/\/www.europesays.com\/fr\/wp-json\/wp\/v2\/users\/2"}],"replies":[{"embeddable":true,"href":"https:\/\/www.europesays.com\/fr\/wp-json\/wp\/v2\/comments?post=330462"}],"version-history":[{"count":0,"href":"https:\/\/www.europesays.com\/fr\/wp-json\/wp\/v2\/posts\/330462\/revisions"}],"wp:featuredmedia":[{"embeddable":true,"href":"https:\/\/www.europesays.com\/fr\/wp-json\/wp\/v2\/media\/330463"}],"wp:attachment":[{"href":"https:\/\/www.europesays.com\/fr\/wp-json\/wp\/v2\/media?parent=330462"}],"wp:term":[{"taxonomy":"category","embeddable":true,"href":"https:\/\/www.europesays.com\/fr\/wp-json\/wp\/v2\/categories?post=330462"},{"taxonomy":"post_tag","embeddable":true,"href":"https:\/\/www.europesays.com\/fr\/wp-json\/wp\/v2\/tags?post=330462"}],"curies":[{"name":"wp","href":"https:\/\/api.w.org\/{rel}","templated":true}]}}