{"id":330464,"date":"2025-08-20T00:39:30","date_gmt":"2025-08-20T00:39:30","guid":{"rendered":"https:\/\/www.europesays.com\/fr\/330464\/"},"modified":"2025-08-20T00:39:30","modified_gmt":"2025-08-20T00:39:30","slug":"dans-paris-match-emmanuel-macron-sur-la-defensive-liberation","status":"publish","type":"post","link":"https:\/\/www.europesays.com\/fr\/330464\/","title":{"rendered":"dans \u00abParis Match\u00bb, Emmanuel Macron sur la d\u00e9fensive \u2013 Lib\u00e9ration"},"content":{"rendered":"<p class=\"sc-ksZaOG ehjQrN text-element\">Il lui reste moins de deux ans \u00e0 l\u2019Elys\u00e9e et Emmanuel Macron veut encore donner le tempo en cet fin d\u2019\u00e9t\u00e9 o\u00f9 il se d\u00e9multiplie sur la sc\u00e8ne internationale. Dans un <a href=\"https:\/\/www.parismatch.com\/actu\/politique\/exclusif-je-veux-faire-respecter-la-verite-ukraine-calomnie-sur-brigitte-les-mises-au-point-demmanuel-macron-255751\" target=\"_blank\" rel=\"noreferrer noopener\" title=\"https:\/\/www.parismatch.com\/actu\/politique\/exclusif-je-veux-faire-respecter-la-verite-ukraine-calomnie-sur-brigitte-les-mises-au-point-demmanuel-macron-255751\">entretien accord\u00e9 \u00e0 Paris Match<\/a> et mis en ligne ce mardi 19 ao\u00fbt sur le site de l\u2019hebdomadaire, le Pr\u00e9sident affiche sa volont\u00e9 de \u00abfaire respecter la v\u00e9rit\u00e9\u00bb, entre turbulences parlementaires, attaques personnelles et incertitudes internationales.<\/p>\n<p class=\"sc-ksZaOG ehjQrN text-element\">La rentr\u00e9e politique promet d\u2019\u00eatre tendue ? Le chef de l\u2019Etat resserre ses propres rangs. Alors que le projet de budget 2026 du Premier ministre suscite de fortes r\u00e9sistances \u2013 jusque dans les rangs d\u2019une majorit\u00e9 toujours relative \u2013, et qu\u2019une motion de censure <a href=\"https:\/\/www.liberation.fr\/politique\/bloquons-tout-jean-luc-melenchon-et-les-insoumis-appellent-a-la-censure-et-a-la-mobilisation-contre-francois-bayrou-20250817_4IWW4CRAOZEFZCPF2PCMHIUCZQ\/\" target=\"_blank\" rel=\"noopener\" title=\"https:\/\/www.liberation.fr\/politique\/bloquons-tout-jean-luc-melenchon-et-les-insoumis-appellent-a-la-censure-et-a-la-mobilisation-contre-francois-bayrou-20250817_4IWW4CRAOZEFZCPF2PCMHIUCZQ\/\">est d\u00e9j\u00e0 annonc\u00e9e pa<\/a><\/p>\n","protected":false},"excerpt":{"rendered":"Il lui reste moins de deux ans \u00e0 l\u2019Elys\u00e9e et Emmanuel Macron veut encore donner le tempo en&hellip;\n","protected":false},"author":2,"featured_media":330465,"comment_status":"","ping_status":"","sticky":false,"template":"","format":"standard","meta":{"footnotes":""},"categories":[1590],"tags":[11,1073,1777,674,431,12,220],"class_list":{"0":"post-330464","1":"post","2":"type-post","3":"status-publish","4":"format-standard","5":"has-post-thumbnail","7":"category-ukraine","8":"tag-actualites","9":"tag-emmanuel-macron","10":"tag-eu","11":"tag-europe","12":"tag-francois-bayrou","13":"tag-news","14":"tag-ukraine"},"share_on_mastodon":{"url":"https:\/\/pubeurope.com\/@fr\/115058308760724061","error":""},"_links":{"self":[{"href":"https:\/\/www.europesays.com\/fr\/wp-json\/wp\/v2\/posts\/330464","targetHints":{"allow":["GET"]}}],"collection":[{"href":"https:\/\/www.europesays.com\/fr\/wp-json\/wp\/v2\/posts"}],"about":[{"href":"https:\/\/www.europesays.com\/fr\/wp-json\/wp\/v2\/types\/post"}],"author":[{"embeddable":true,"href":"https:\/\/www.europesays.com\/fr\/wp-json\/wp\/v2\/users\/2"}],"replies":[{"embeddable":true,"href":"https:\/\/www.europesays.com\/fr\/wp-json\/wp\/v2\/comments?post=330464"}],"version-history":[{"count":0,"href":"https:\/\/www.europesays.com\/fr\/wp-json\/wp\/v2\/posts\/330464\/revisions"}],"wp:featuredmedia":[{"embeddable":true,"href":"https:\/\/www.europesays.com\/fr\/wp-json\/wp\/v2\/media\/330465"}],"wp:attachment":[{"href":"https:\/\/www.europesays.com\/fr\/wp-json\/wp\/v2\/media?parent=330464"}],"wp:term":[{"taxonomy":"category","embeddable":true,"href":"https:\/\/www.europesays.com\/fr\/wp-json\/wp\/v2\/categories?post=330464"},{"taxonomy":"post_tag","embeddable":true,"href":"https:\/\/www.europesays.com\/fr\/wp-json\/wp\/v2\/tags?post=330464"}],"curies":[{"name":"wp","href":"https:\/\/api.w.org\/{rel}","templated":true}]}}