{"id":330467,"date":"2025-08-20T00:41:09","date_gmt":"2025-08-20T00:41:09","guid":{"rendered":"https:\/\/www.europesays.com\/fr\/330467\/"},"modified":"2025-08-20T00:41:09","modified_gmt":"2025-08-20T00:41:09","slug":"la-ville-depping-parvient-a-empecher-lhebergement-de-demandeurs-dasile-dans-un-hotel","status":"publish","type":"post","link":"https:\/\/www.europesays.com\/fr\/330467\/","title":{"rendered":"la ville d&rsquo;Epping parvient \u00e0 emp\u00eacher l&rsquo;h\u00e9bergement de demandeurs d&rsquo;asile dans un h\u00f4tel"},"content":{"rendered":"<p>La justice britannique ordonne l\u2019\u00e9vacuation de l\u2019h\u00f4tel Bell \u00e0 Epping, au nord de Londres, qui abrite des demandeurs d\u2019asile. Le mois dernier, la mise en examen de l\u2019un de ses occupants pour agression sexuelle sur une mineure avait engendr\u00e9 des dizaines de manifestations \u00e0 travers l\u2019Angleterre, pour r\u00e9clamer la fin de l\u2019h\u00e9bergement des demandeurs d\u2019asile dans des h\u00f4tels aux frais du contribuable. La justice a donc acc\u00e9d\u00e9 \u00e0 la demande du conseil municipal.<\/p>\n<p>Avec notre correspondante \u00e0 Londres,<strong> Emeline Vin<\/strong><\/p>\n<p>Le conseil local d\u2019Epping accusait l&rsquo;h\u00f4tel Bell d\u2019avoir d\u00e9tourn\u00e9 son utilisation originale pour h\u00e9berger uniquement des demandeurs d\u2019asile, plut\u00f4t que des particuliers \u2013 les \u00e9lus soulevaient aussi des inqui\u00e9tudes pour l\u2019ordre public.<\/p>\n<p>La Haute-Cour de Londres donne \u00e0 l\u2019h\u00f4tel jusqu\u2019au 12 septembre pour \u00e9vacuer ses occupants, sous r\u00e9serve d\u2019un appel. Le pr\u00e9sident conservateur du conseil local d\u2019Epping s\u2019est f\u00e9licit\u00e9 de la d\u00e9cision, m\u00eame s\u2019il appelle les protestataires, dont la plupart se r\u00e9clament de r\u00e9seaux nationalistes, \u00e0 ne pas c\u00e9l\u00e9brer la d\u00e9cision pour ne pas accentuer les tensions dans l\u2019arrondissement londonien.<\/p>\n<p>\u00c0 lire aussi<a href=\"https:\/\/fr.news.yahoo.com\/royaume-uni-regain-tensions-abords-080322202.html\" class=\"link  yahoo-link\" data-ylk=\"slk:Royaume-Uni: regain de tensions aux abords d&#039;h\u00f4tels accueillant des demandeurs d&#039;asile;elm:context_link;itc:0;sec:content-canvas;outcm:mb_qualified_link;_E:mb_qualified_link;ct:story;\" target=\"_blank\" rel=\"noopener\">Royaume-Uni: regain de tensions aux abords d&rsquo;h\u00f4tels accueillant des demandeurs d&rsquo;asile<\/a><\/p>\n<p>La d\u00e9cision de la Haute-Cour pourrait encourager d\u2019autres conseils municipaux \u00e0 faire \u00e9vacuer leurs propres h\u00f4tels vis\u00e9s par des manifestations \u2013 ils sont plusieurs dizaines \u00e0 travers le pays.<\/p>\n<p>M\u00eame s\u2019il a promis d\u2019arr\u00eater de recourir \u00e0 des \u00e9tablissements priv\u00e9s, en partie pour lutter contre la mont\u00e9e de l\u2019extr\u00eame droite, le gouvernement travailliste n\u2019a pas de strat\u00e9gie durable pour h\u00e9berger les quelque 30 000 demandeurs d\u2019asile concern\u00e9s et pourrait se trouver confront\u00e9 \u00e0 un lourd d\u00e9fi logistique et humanitaire.<\/p>\n<p>\u00c0 lire aussi<a href=\"https:\/\/fr.news.yahoo.com\/royaume-uni-%C3%A0-epping-manifestations-223939824.html\" class=\"link  yahoo-link\" data-ylk=\"slk:Royaume-Uni: \u00e0 Epping, les manifestations anti-migrants cristallisent les tensions;elm:context_link;itc:0;sec:content-canvas;outcm:mb_qualified_link;_E:mb_qualified_link;ct:story;\" target=\"_blank\" rel=\"noopener\">Royaume-Uni: \u00e0 Epping, les manifestations anti-migrants cristallisent les tensions<\/a><\/p>\n","protected":false},"excerpt":{"rendered":"La justice britannique ordonne l\u2019\u00e9vacuation de l\u2019h\u00f4tel Bell \u00e0 Epping, au nord de Londres, qui abrite des demandeurs&hellip;\n","protected":false},"author":2,"featured_media":330468,"comment_status":"","ping_status":"","sticky":false,"template":"","format":"standard","meta":{"footnotes":""},"categories":[1588],"tags":[11,46822,19046,46821,1777,674,12170,13346,12,473,1853,1851,1850,1852],"class_list":{"0":"post-330467","1":"post","2":"type-post","3":"status-publish","4":"format-standard","5":"has-post-thumbnail","7":"category-royaume-uni","8":"tag-actualites","9":"tag-bell","10":"tag-demandeurs-dasile","11":"tag-epping","12":"tag-eu","13":"tag-europe","14":"tag-lhotel","15":"tag-montee-de-lextreme-droite","16":"tag-news","17":"tag-royaume-uni","18":"tag-royaume-uni-de-grande-bretagne-et-dirlande-du-nord","19":"tag-uk","20":"tag-united-kingdom","21":"tag-united-kingdom-of-great-britain-and-northern-ireland"},"share_on_mastodon":{"url":"https:\/\/pubeurope.com\/@fr\/115058316646890507","error":""},"_links":{"self":[{"href":"https:\/\/www.europesays.com\/fr\/wp-json\/wp\/v2\/posts\/330467","targetHints":{"allow":["GET"]}}],"collection":[{"href":"https:\/\/www.europesays.com\/fr\/wp-json\/wp\/v2\/posts"}],"about":[{"href":"https:\/\/www.europesays.com\/fr\/wp-json\/wp\/v2\/types\/post"}],"author":[{"embeddable":true,"href":"https:\/\/www.europesays.com\/fr\/wp-json\/wp\/v2\/users\/2"}],"replies":[{"embeddable":true,"href":"https:\/\/www.europesays.com\/fr\/wp-json\/wp\/v2\/comments?post=330467"}],"version-history":[{"count":0,"href":"https:\/\/www.europesays.com\/fr\/wp-json\/wp\/v2\/posts\/330467\/revisions"}],"wp:featuredmedia":[{"embeddable":true,"href":"https:\/\/www.europesays.com\/fr\/wp-json\/wp\/v2\/media\/330468"}],"wp:attachment":[{"href":"https:\/\/www.europesays.com\/fr\/wp-json\/wp\/v2\/media?parent=330467"}],"wp:term":[{"taxonomy":"category","embeddable":true,"href":"https:\/\/www.europesays.com\/fr\/wp-json\/wp\/v2\/categories?post=330467"},{"taxonomy":"post_tag","embeddable":true,"href":"https:\/\/www.europesays.com\/fr\/wp-json\/wp\/v2\/tags?post=330467"}],"curies":[{"name":"wp","href":"https:\/\/api.w.org\/{rel}","templated":true}]}}