{"id":330469,"date":"2025-08-20T00:42:17","date_gmt":"2025-08-20T00:42:17","guid":{"rendered":"https:\/\/www.europesays.com\/fr\/330469\/"},"modified":"2025-08-20T00:42:17","modified_gmt":"2025-08-20T00:42:17","slug":"le-suspect-de-lattaque-dans-un-marche-de-noel-en-allemagne-est-accuse-de-meurtre-2","status":"publish","type":"post","link":"https:\/\/www.europesays.com\/fr\/330469\/","title":{"rendered":"Le suspect de l&rsquo;attaque dans un march\u00e9 de No\u00ebl en Allemagne est accus\u00e9 de meurtre"},"content":{"rendered":"<p>Le suspect de l\u2019attaque meurtri\u00e8re \u00e0 la voiture-b\u00e9lier dans un march\u00e9 de No\u00ebl de Magdebourg, en Allemagne, a \u00e9t\u00e9 inculp\u00e9 de meurtre, de tentative de meurtre ainsi que de coups et blessures, ont annonc\u00e9 mardi les procureurs. Il aurait tent\u00e9 de tuer le plus de personnes possible.<\/p>\n<p>Lors de l\u2019attaque du 20\u00a0d\u00e9cembre dernier, qui a dur\u00e9 un peu plus d\u2019une minute, cinq femmes et un gar\u00e7on ont \u00e9t\u00e9 tu\u00e9s, et de nombreuses autres personnes ont \u00e9t\u00e9 bless\u00e9es.<\/p>\n<p>Les autorit\u00e9s ont identifi\u00e9 le suspect comme \u00e9tant un m\u00e9decin saoudien de 50\u00a0ans, arriv\u00e9 en Allemagne en 2006 et titulaire d\u2019un permis de r\u00e9sidence permanente. Son nom n\u2019a pas \u00e9t\u00e9 officiellement divulgu\u00e9, conform\u00e9ment aux r\u00e8gles allemandes relatives \u00e0 la protection de la vie priv\u00e9e.<\/p>\n<p>Dans un acte d\u2019accusation d\u00e9pos\u00e9 aupr\u00e8s du tribunal d\u2019\u00c9tat de Magdebourg, les procureurs indiquent qu\u2019il est inculp\u00e9 de six chefs de meurtre, de 338\u00a0chefs de tentative de meurtre et de 309\u00a0chefs de coups et blessures. Il est \u00e9galement accus\u00e9 d\u2019entrave dangereuse \u00e0 la circulation routi\u00e8re.<\/p>\n<p>Les accusations de meurtre sont passibles d\u2019une peine maximale d\u2019emprisonnement \u00e0 perp\u00e9tuit\u00e9. Le tribunal de Magdebourg d\u00e9cidera s\u2019il y a lieu de renvoyer l\u2019affaire en proc\u00e8s. <\/p>\n<p>Les procureurs ont indiqu\u00e9 que l\u2019homme n\u2019\u00e9tait pas sous l\u2019emprise de l\u2019alcool et qu\u2019il aurait commis l\u2019attaque \u00abpar m\u00e9contentement et frustration face au d\u00e9roulement et \u00e0 l\u2019issue d\u2019un litige civil et \u00e0 l\u2019\u00e9chec de plusieurs plaintes p\u00e9nales\u00bb.<\/p>\n<p>Il aurait voulu tuer le plus de personnes possible et aurait pass\u00e9 plusieurs semaines \u00e0 pr\u00e9parer l\u2019attaque, sans que personne d\u2019autre ne soit au courant de ses plans. L\u2019attaque a \u00e9t\u00e9 perp\u00e9tr\u00e9e au volant d\u2019une BMW X3 de location, qui a atteint une vitesse de 48\u00a0km\/h lors du carnage.<\/p>\n<p>Les autorit\u00e9s ont affirm\u00e9 que l\u2019homme se pr\u00e9sentait comme un ex-musulman tr\u00e8s critique envers l\u2019islam et qui, sur les r\u00e9seaux sociaux, avait exprim\u00e9 son soutien \u00e0 l\u2019extr\u00eame droite.<\/p>\n<p>Le suspect avait d\u00e9j\u00e0 attir\u00e9 l\u2019attention des autorit\u00e9s pour des menaces, mais n\u2019avait commis aucun acte de violence.<\/p>\n","protected":false},"excerpt":{"rendered":"Le suspect de l\u2019attaque meurtri\u00e8re \u00e0 la voiture-b\u00e9lier dans un march\u00e9 de No\u00ebl de Magdebourg, en Allemagne, a&hellip;\n","protected":false},"author":2,"featured_media":330470,"comment_status":"","ping_status":"","sticky":false,"template":"","format":"standard","meta":{"footnotes":""},"categories":[1587],"tags":[11,672,1804,1805,1803,1777,674,1801,1854,20106,12,1802],"class_list":{"0":"post-330469","1":"post","2":"type-post","3":"status-publish","4":"format-standard","5":"has-post-thumbnail","7":"category-allemagne","8":"tag-actualites","9":"tag-allemagne","10":"tag-bundesrepublik-deutschland","11":"tag-de","12":"tag-deutschland","13":"tag-eu","14":"tag-europe","15":"tag-germany","16":"tag-https-lactualite-com-sujet-international","17":"tag-https-lactualite-com-sujet-justice","18":"tag-news","19":"tag-republique-federale-dallemagne"},"share_on_mastodon":{"url":"https:\/\/pubeurope.com\/@fr\/115058320626747792","error":""},"_links":{"self":[{"href":"https:\/\/www.europesays.com\/fr\/wp-json\/wp\/v2\/posts\/330469","targetHints":{"allow":["GET"]}}],"collection":[{"href":"https:\/\/www.europesays.com\/fr\/wp-json\/wp\/v2\/posts"}],"about":[{"href":"https:\/\/www.europesays.com\/fr\/wp-json\/wp\/v2\/types\/post"}],"author":[{"embeddable":true,"href":"https:\/\/www.europesays.com\/fr\/wp-json\/wp\/v2\/users\/2"}],"replies":[{"embeddable":true,"href":"https:\/\/www.europesays.com\/fr\/wp-json\/wp\/v2\/comments?post=330469"}],"version-history":[{"count":0,"href":"https:\/\/www.europesays.com\/fr\/wp-json\/wp\/v2\/posts\/330469\/revisions"}],"wp:featuredmedia":[{"embeddable":true,"href":"https:\/\/www.europesays.com\/fr\/wp-json\/wp\/v2\/media\/330470"}],"wp:attachment":[{"href":"https:\/\/www.europesays.com\/fr\/wp-json\/wp\/v2\/media?parent=330469"}],"wp:term":[{"taxonomy":"category","embeddable":true,"href":"https:\/\/www.europesays.com\/fr\/wp-json\/wp\/v2\/categories?post=330469"},{"taxonomy":"post_tag","embeddable":true,"href":"https:\/\/www.europesays.com\/fr\/wp-json\/wp\/v2\/tags?post=330469"}],"curies":[{"name":"wp","href":"https:\/\/api.w.org\/{rel}","templated":true}]}}