{"id":330473,"date":"2025-08-20T00:44:13","date_gmt":"2025-08-20T00:44:13","guid":{"rendered":"https:\/\/www.europesays.com\/fr\/330473\/"},"modified":"2025-08-20T00:44:13","modified_gmt":"2025-08-20T00:44:13","slug":"pour-une-industrie-europeenne-forte","status":"publish","type":"post","link":"https:\/\/www.europesays.com\/fr\/330473\/","title":{"rendered":"Pour une industrie europ\u00e9enne forte"},"content":{"rendered":"<p class=\"ap-StoryElement ap-StoryElement--mb ap-StoryText\">D&rsquo;abord, combattre une fausse id\u00e9e re\u00e7ue. En r\u00e9alit\u00e9, par rapport aux \u00c9tats-Unis, nous sommes comp\u00e9titifs dans l&rsquo;Union europ\u00e9enne. L&rsquo;agressivit\u00e9 tarifaire de Donald Trump \u00e0 cet \u00e9gard le prouve : les voitures allemandes, les yoghourts fran\u00e7ais, les vaccins belges, les costumes italiens et les appareils \u00e9lectriques su\u00e9dois se vendent tr\u00e8s bien de l&rsquo;autre c\u00f4t\u00e9 de l&rsquo;Atlantique. En 2024, les Europ\u00e9ens affichaient une balance commerciale exc\u00e9dentaire de 50 milliards d&rsquo;euros avec les \u00c9tats-Unis si l&rsquo;on tient compte des biens et des services.<\/p>\n<p class=\"ap-StoryElement ap-StoryElement--mb ap-StoryText\">Mais par rapport au capitalisme d&rsquo;\u00c9tat chinois o\u00f9 il devient toujours plus difficile de distinguer le public du priv\u00e9, les subventions de l&rsquo;innovation, l&rsquo;Europe a des carences importantes notamment dans le digital, l&rsquo;intelligence artificielle et l&rsquo;automobile \u00e9lectrique. La Chine a r\u00e9ussi en vingt-cinq ans \u00e0 d\u00e9velopper une cha\u00eene de valeur industrielle efficace, des mati\u00e8res premi\u00e8res \u00e0 l&rsquo;assemblage en passant par les proc\u00e9d\u00e9s de fabrication et un know-how impressionnant.<\/p>\n<p><a href=\"https:\/\/www.lalibre.be\/debats\/opinions\/2025\/07\/28\/lambition-industrielle-angle-mort-de-laccord-dete-Q4DZDNZZFVCAPHFKYA4CJQIXKA\/\" target=\"_blank\" rel=\"noopener noreferrer\" class=\"ap-StoryInterstitialLink ap-StoryElement ap-StoryElement--mb\">L&rsquo;ambition industrielle, angle mort de l&rsquo;accord d&rsquo;\u00e9t\u00e9<\/a><\/p>\n<p class=\"ap-StoryElement ap-StoryElement--mb ap-StoryText\">Pour prendre un exemple : Installer une capacit\u00e9 d&rsquo;1 GW de nucl\u00e9aire \u00e9lectrique en Chine co\u00fbte environ 2 milliards de dollars contre plus du double en Europe et aux \u00c9tats-Unis. Ce n&rsquo;est pas seulement une question de technologie et de co\u00fbt de personnel mais aussi de fili\u00e8re industrielle, d&rsquo;ing\u00e9nierie, de fournisseurs, d&rsquo;infrastructures et de savoir-faire op\u00e9rationnel sur le terrain. Comment bien couler un b\u00e9ton de plus de 100 cm d&rsquo;\u00e9paisseur ou ex\u00e9cuter des soudures complexes d&rsquo;acier aux parois de 4 cm d&rsquo;\u00e9paisseur alors que les derniers chefs de chantier et ouvriers sp\u00e9cialis\u00e9s ont construits leur dernier r\u00e9acteur en 1985 (Tihange 3 et Doel 4).<\/p>\n<p class=\"ap-StoryElement ap-StoryElement--mb ap-StoryText\">Pour une industrie de pointe, qu&rsquo;il s&rsquo;agisse du nucl\u00e9aire, du spatial ou de l&rsquo;a\u00e9ronautique, il faut un syst\u00e8me techno-\u00e9conomique de haute qualit\u00e9. Des universit\u00e9s et hautes \u00e9coles d&rsquo;ing\u00e9nieurs mais aussi un substrat de techniciens et de qualifications qui permettent la manufacture, la &lsquo;fabrication \u00e0 la main&rsquo;. Comme pour les constructeurs des cath\u00e9drales m\u00e9di\u00e9vales, il fallait un Ma\u00eetre et des compagnons, il faut aujourd&rsquo;hui un passage de flambeau de l&rsquo;Ing\u00e9nieur en chef, au Chef de chantier et aux ouvriers qualifi\u00e9s. Au vu des retards et des d\u00e9passements astronomiques des budgets pour la plupart des grandes r\u00e9alisations r\u00e9centes de g\u00e9nie civil, c&rsquo;est ici que le b\u00e2t blesse en Europe. De la centrale nucl\u00e9aire de Flamanville \u00e0 l&rsquo;a\u00e9roport de Berlin-Brandebourg en passant par la gare de Mons, il semble que la mise en \u0153uvre soit chancelante.<\/p>\n<p class=\"ap-StoryElement ap-StoryElement--mb ap-StoryText\">La part de l&rsquo;industrie dans le PIB de l&rsquo;Europe est pass\u00e9 de 35% en 1975 \u00e0 22% aujourd&rsquo;hui. En un demi-si\u00e8cle, nous avons perdu des pans entiers de notre production. Les services se taillent la part du lion dans le PIB europ\u00e9en et de la plupart des \u00e9conomies d\u00e9velopp\u00e9es. Mais dans un contexte g\u00e9opolitique tendu, d&rsquo;incertitudes \u00e9conomiques et de politiques protectionnistes, ne faut-il pas donner \u00e0 nouveau ses lettres de noblesse au secteur manufacturier afin aussi de garantir la s\u00e9curit\u00e9 \u00e9conomique de l&rsquo;UE ?<\/p>\n<p><a href=\"https:\/\/www.lalibre.be\/economie\/conjoncture\/2025\/02\/26\/voici-le-plan-de-la-commission-pour-sauver-lindustrie-europeenne-PBZHOCWQMRBF5NPEGKSAW4JDYQ\/\" target=\"_blank\" rel=\"noopener noreferrer\" class=\"ap-StoryInterstitialLink ap-StoryElement ap-StoryElement--mb\">Voici le plan de la Commission pour sauver l&rsquo;industrie europ\u00e9enne<\/a><\/p>\n<p class=\"ap-StoryElement ap-StoryElement--mb ap-StoryText\">Quelques utiles initiatives europ\u00e9ennes en la mati\u00e8re m\u00e9ritent d&rsquo;\u00eatre mentionn\u00e9es :<\/p>\n<p class=\"ap-StoryElement ap-StoryElement--mb ap-StoryText\">En premier lieu, le R\u00e8glement europ\u00e9en qui renforce l&rsquo;\u00e9cosyst\u00e8me de la fabrication de produits de technologie \u00ab\u00a0z\u00e9ro net\u00a0\u00bb, mieux connu sous son acronyme anglais NZIA (Net Zero Industry Act). Le NZIA fixe un objectif de capacit\u00e9 de production des 19 technologies \u00ab\u00a0z\u00e9ro net\u00a0\u00bb en Europe. Qu&rsquo;il s&rsquo;agisse du solaire, du nucl\u00e9aire, des batteries ou des pompes \u00e0 chaleur, 40 % des besoins europ\u00e9ens annuels de ces technologies devront \u00eatre fabriqu\u00e9s dans l&rsquo;UE d&rsquo;ici 2030. C&rsquo;est de bon augure mais ambitieux quand aujourd&rsquo;hui, plus de 9 panneaux photovolta\u00efques sur 10 install\u00e9s dans l&rsquo;UE sont Made in China.<\/p>\n<p class=\"ap-StoryElement ap-StoryElement--mb ap-StoryText\">Dans le cadre du NZIA, un point important est la passation de march\u00e9s \u00ab\u00a0hors prix\u00a0\u00bb. Cela signifie qu&rsquo;au lieu d&rsquo;attribuer les contrats uniquement sur la base de l&rsquo;offre la moins ch\u00e8re, les acheteurs publics (gouvernements, r\u00e9gions, villes,\u2026) de ces 19 technologies vont devoir pond\u00e9rer plusieurs crit\u00e8res qualitatifs dans leurs d\u00e9cisions : le risque de d\u00e9pendance \u00e0 un fournisseur externe unique (r\u00e9silience), la priorit\u00e9 donn\u00e9e \u00e0 des cha\u00eenes d&rsquo;approvisionnement diversifi\u00e9es et bas\u00e9es dans l&rsquo;UE, la durabilit\u00e9 environnementale sur tout le cycle de vie, la cybers\u00e9curit\u00e9 et les aspects sociaux y compris l&#8217;emploi local et le d\u00e9veloppement des comp\u00e9tences.<\/p>\n<p class=\"ap-StoryElement ap-StoryElement--mb ap-StoryText\">Bref, ces r\u00e8gles visent \u00e0 transformer la commande publique en un outil strat\u00e9gique qui r\u00e9compense la production manufacturi\u00e8re durable, de qualit\u00e9 et s\u00e9curis\u00e9e, et qui, in fine, soutient la fabrication en Europe. Un appel \u00e0 ces projets industriels a \u00e9t\u00e9 lanc\u00e9 et ceux-ci b\u00e9n\u00e9ficieront de l&rsquo;application des march\u00e9s publics \u00ab\u00a0hors prix\u00a0\u00bb ainsi que des proc\u00e9dures de permis acc\u00e9l\u00e9r\u00e9 et des soutiens aux investissements cibl\u00e9s.<\/p>\n<p class=\"ap-StoryElement ap-StoryElement--mb ap-StoryText\">Ensuite, dans sa proposition de cadre financier pluriannuel 2028-2034, la Commission s&rsquo;engage pour la comp\u00e9titivit\u00e9, la d\u00e9carbonation et l&rsquo;innovation technologique avec un Fonds europ\u00e9en pour la comp\u00e9titivit\u00e9 (ECF en anglais) dot\u00e9 d&rsquo;une enveloppe de 409 milliards d&rsquo;euros. Cet ECF doit faciliter l&rsquo;acc\u00e8s au financement, en particulier pour les petites entreprises, et acc\u00e9l\u00e9rer la mise en \u0153uvre des projets. Il vise aussi \u00e0 ce que les priorit\u00e9s nationales et r\u00e9gionales soient mieux int\u00e9gr\u00e9es aux objectifs de l&rsquo;UE. L&rsquo;Union s&rsquo;attache \u00e0 r\u00e9duire les d\u00e9pendances de pays tiers et \u00e0 renforcer les secteurs critiques y compris gr\u00e2ce \u00e0 la recherche et l&rsquo;innovation dont le budget du prochain programme Horizon Europe a \u00e9t\u00e9 multipli\u00e9 par deux passant de quelques 10 \u00e0 20 milliards d&rsquo;euros par an dans le prochain cadre financier europ\u00e9en. En outre, le prochain Horizon Europe soutiendra, pour la premi\u00e8re fois, les applications \u00e0 double usage, tant civil que militaire. Le masque est tomb\u00e9 et la dure r\u00e9alit\u00e9 prend le dessus.<\/p>\n<p class=\"ap-StoryElement ap-StoryElement--mb ap-StoryText\">La Commission pr\u00e9voit aussi un corpus r\u00e9glementaire unique, des proc\u00e9dures acc\u00e9l\u00e9r\u00e9es et des obligations de d\u00e9claration r\u00e9duites qui devraient faciliter la vie de l&rsquo;industrie. La priorit\u00e9 est aussi mise sur la garantie de prix de l&rsquo;\u00e9nergie abordable notamment pour les grands consommateurs d&rsquo;\u00e9nergie (cf. chimie, verre, acier) pour qui le facteur co\u00fbt de l&rsquo;\u00e9nergie est aussi important que le co\u00fbt du travail ou du capital.<\/p>\n<p class=\"ap-StoryElement ap-StoryElement--mb ap-StoryText\">Enfin, il faudra pr\u00e9server le d\u00e9licat \u00e9quilibre entre l&rsquo;autonomie strat\u00e9gique europ\u00e9enne (r\u00e9duction des d\u00e9pendances dans les secteurs critiques) et le maintien du march\u00e9 unique ouvert et comp\u00e9titif. Bref, une claire volont\u00e9 de renforcement de la base industrielle de l&rsquo;UE sans toutefois compromettre les engagements commerciaux internationaux.<\/p>\n","protected":false},"excerpt":{"rendered":"D&rsquo;abord, combattre une fausse id\u00e9e re\u00e7ue. En r\u00e9alit\u00e9, par rapport aux \u00c9tats-Unis, nous sommes comp\u00e9titifs dans l&rsquo;Union europ\u00e9enne.&hellip;\n","protected":false},"author":2,"featured_media":330474,"comment_status":"","ping_status":"","sticky":false,"template":"","format":"standard","meta":{"footnotes":""},"categories":[1586],"tags":[11,75,1777,674,1779,1011,27,27909,12,25,1778,364],"class_list":{"0":"post-330473","1":"post","2":"type-post","3":"status-publish","4":"format-standard","5":"has-post-thumbnail","7":"category-europe","8":"tag-actualites","9":"tag-donald-trump","10":"tag-eu","11":"tag-europe","12":"tag-european-union","13":"tag-fr","14":"tag-france","15":"tag-mons","16":"tag-news","17":"tag-republique-francaise","18":"tag-ue","19":"tag-union-europeenne"},"share_on_mastodon":{"url":"https:\/\/pubeurope.com\/@fr\/115058328487185494","error":""},"_links":{"self":[{"href":"https:\/\/www.europesays.com\/fr\/wp-json\/wp\/v2\/posts\/330473","targetHints":{"allow":["GET"]}}],"collection":[{"href":"https:\/\/www.europesays.com\/fr\/wp-json\/wp\/v2\/posts"}],"about":[{"href":"https:\/\/www.europesays.com\/fr\/wp-json\/wp\/v2\/types\/post"}],"author":[{"embeddable":true,"href":"https:\/\/www.europesays.com\/fr\/wp-json\/wp\/v2\/users\/2"}],"replies":[{"embeddable":true,"href":"https:\/\/www.europesays.com\/fr\/wp-json\/wp\/v2\/comments?post=330473"}],"version-history":[{"count":0,"href":"https:\/\/www.europesays.com\/fr\/wp-json\/wp\/v2\/posts\/330473\/revisions"}],"wp:featuredmedia":[{"embeddable":true,"href":"https:\/\/www.europesays.com\/fr\/wp-json\/wp\/v2\/media\/330474"}],"wp:attachment":[{"href":"https:\/\/www.europesays.com\/fr\/wp-json\/wp\/v2\/media?parent=330473"}],"wp:term":[{"taxonomy":"category","embeddable":true,"href":"https:\/\/www.europesays.com\/fr\/wp-json\/wp\/v2\/categories?post=330473"},{"taxonomy":"post_tag","embeddable":true,"href":"https:\/\/www.europesays.com\/fr\/wp-json\/wp\/v2\/tags?post=330473"}],"curies":[{"name":"wp","href":"https:\/\/api.w.org\/{rel}","templated":true}]}}