{"id":330485,"date":"2025-08-20T00:53:17","date_gmt":"2025-08-20T00:53:17","guid":{"rendered":"https:\/\/www.europesays.com\/fr\/330485\/"},"modified":"2025-08-20T00:53:17","modified_gmt":"2025-08-20T00:53:17","slug":"voici-le-programme-tv-du-grand-prix-dautriche-2025-2","status":"publish","type":"post","link":"https:\/\/www.europesays.com\/fr\/330485\/","title":{"rendered":"voici le programme TV du Grand Prix d&rsquo;Autriche 2025"},"content":{"rendered":"<p itemprop=\"description\">Voici le programme TV complet de ce week-end de Grand Prix d&rsquo;Autriche 2025 en Moto GP, Moto 2, Moto 3 et Moto E. <\/p>\n<p>Rendez-vous ce week-end sur le circuit du <a href=\"https:\/\/www.redbullring.com\/\" target=\"_blank\" rel=\"noopener\">Red Bull Ring<\/a>, pour le <strong>Grand Prix Moto d\u00a0\u00bbAutriche 2025<\/strong> !<\/p>\n<p>    Une \u00e9preuve tant attendue de la saison 2025 <\/p>\n<p>Apr\u00e8s une tr\u00eave estivale, le <strong>Moto GP<\/strong> d\u00e9bute la deuxi\u00e8me partie de la saison 2025 avec le <strong>Grand Prix d&rsquo;Autriche<\/strong>, 13\u00e8me manche du championnat : ce week-end, les pilotes ont rendez-vous sur le circuit du <strong>Red Bull Ring<\/strong>, \u00e9galement l&rsquo;h\u00f4te de la Formule 1 et situ\u00e9 \u00e0 Spielberg, en <a href=\"https:\/\/www.autoplus.fr\/actualite\/mauvaise-nouvelle-pour-les-automobilistes-preparez-vous-a-une-hausse-inattendue-des-cet-ete-1384007.html\" target=\"_blank\" rel=\"noopener\">Autriche<\/a>. Un circuit construit en 1969 et connu sous le nom d&rsquo;\u00d6sterreichring, avant d&rsquo;\u00e9voluer en 1996 vers sa configuration actuelle de 4,3 kilom\u00e8tres. Rachet\u00e9 depuis par le propri\u00e9taire de Red Bull, il rouvrit ses portes en 2011 et accueillit le retour de la Formule 1 en 2014, puis le MotoGP en 2016.<\/p>\n<p>Le classement provisoire des pilotes est domin\u00e9 par <strong>Marc M\u00e1rquez<\/strong> avec <strong><a href=\"https:\/\/www.autoplus.fr\/deux-roues\/ducati-diavel-for-bentley-une-moto-exclusive-inspiree-par-la-batur-1298497.html\" target=\"_blank\" rel=\"noopener\">Ducati<\/a><\/strong> : vainqueur des deux premi\u00e8res courses, il a connu une chute \u00e0 Austin, avant d\u2019encha\u00eener pas moins de cinq week-ends sans faute depuis la manche d&rsquo;Aragon, un record pour la marque italienne dans le Mondial. Il est suivi par son fr\u00e8re, Alex M\u00e1rquez, avec tout de m\u00eame 120 points derri\u00e8re ! R\u00e9gulier sur le podium, il a d\u00e9croch\u00e9 en Espagne sa premi\u00e8re victoire en MotoGP devant Fabio Quartararo et Pecco Bagnaia. Avec d\u00e9j\u00e0 sept Top 3 \u00e0 son actif, ce sera un pilote \u00e0 suivre lors de cette deuxi\u00e8me partie de saison !<\/p>\n<p>    Le programme TV complet du Grand Prix d&rsquo;Autriche 2025 MotoGP <\/p>\n<p>Retrouvez ci-dessous le <strong>programme complet du Grand Prix MotoGP d&rsquo;Autriche 2025<\/strong>. Un \u00e9v\u00e8nement \u00e0 suivre sur les cha\u00eenes du groupe Canal+, tandis que pour nos voisins de <a href=\"https:\/\/www.autoplus.fr\/pratique\/vacances-attention-a-ces-pieges-sur-la-route-en-belgique-1387638.html\" target=\"_blank\" rel=\"noopener\">Belgique<\/a>, il sera retransmis sur RTBF Auvio. <\/p>\n<p><strong>Vendredi 15 ao\u00fbt 2025<\/strong><br \/>\u2022 08h30 &#8211; 08h45 : Essais Libres 1 MotoE<br \/>\u2022 09h00 &#8211; 09h35 : Essais Libres 1 Moto3<br \/>\u2022 09h50 &#8211; 10h30 : Essais Libres 1 Moto2<br \/>\u2022 10h45 \u2013 11h30 : Essais Libres 1 MotoGP<br \/>\u2022 12h35 &#8211; 12h50 : Essais Libres 2 MotoE<br \/>\u2022 13h15 &#8211; 13h50 : Essais Moto3<br \/>\u2022 14h05 &#8211; 14h45 : Essais Moto2<br \/>\u2022 15h00 \u2013 16h00 : Essais MotoGP<br \/>\u2022 17h10 &#8211; 17h20 : Qualifications 1 MotoE<br \/>\u2022 17h20 &#8211; 17h30 : Qualifications 2 MotoE<\/p>\n<p><strong>Samedi 16 ao\u00fbt 2025<\/strong><br \/>\u2022 08h40 \u2013 09h10 : Essais Libres 2 Moto3<br \/>\u2022 09h25 \u2013 09h55 : Essais Libres 2 Moto2<br \/>\u2022 10h10 \u2013 10h40 : Essais Libres 2 MotoGP<br \/>\u2022 10h50 \u2013 11h05 : Qualifications 1 MotoGP<br \/>\u2022 11h15 \u2013 11h30 : Qualifications 2 MotoGP<br \/>\u2022 12h15 : Course 1 MotoE (7 tours)<br \/>\u2022 12h50 &#8211; 13h05 : Qualifications 1 Moto3<br \/>\u2022 13h15 &#8211; 13h30 : Qualifications 2 Moto3<br \/>\u2022 13h45 &#8211; 14h00 : Qualifications 1 Moto2<br \/>\u2022 14h10 &#8211; 14h25 : Qualifications 2 Moto2<br \/>\u2022 15h00 : Sprint MotoGP (15 tours)<br \/>\u2022 17h00 : Course 2 MotoE (7 tours)<\/p>\n<p><strong>Dimanche 17 ao\u00fbt 2025<\/strong><br \/>\u2022 09h40 \u2013 09h50 : Warm-up MotoGP<br \/>\u2022 11h00 : Course Moto3 (20 tours)<br \/>\u2022 12h15 : Course Moto2 (23 tours)<br \/>\u2022 14h00 : Grand Prix d&rsquo;Autriche MotoGP (28 tours)<\/p>\n<p>    <img decoding=\"async\" src=\"https:\/\/www.europesays.com\/fr\/wp-content\/uploads\/2025\/08\/49-moto-gp-autriche-2025-programme-tv-dppi-psnewz-750x410.jpg\" alt=\"Moto GP : voici le programme TV du Grand Prix d'Autriche 2025\" class=\"pinit-here\"\/><\/p>\n<p>\u00a9 DPPI \/ Psnewz<\/p>\n<ul class=\"lists_legend\">\n<li class=\"active\">\n<p>Moto GP : voici le programme TV du Grand Prix d&rsquo;Autriche 2025<\/p>\n<p>Voici le programme TV complet de ce week-end de Grand Prix d&rsquo;Autriche 2025 en Moto GP, Moto 2, Moto 3 et Moto E.<\/li>\n<li class=\"\">\n<p>Moto GP &#8211; Voici le programme TV du GP des Am\u00e9riques 2025\u00a0<\/p>\n<p>GP des Am\u00e9riques<\/p>\n<\/li>\n<li class=\"\">\n<p>Moto GP &#8211; Voici le programme TV du GP des Am\u00e9riques 2025\u00a0<\/p>\n<p>GP des Am\u00e9riques<\/p>\n<\/li>\n<li class=\"\">\n<p>Moto GP &#8211; Voici le programme TV du GP des Am\u00e9riques 2025\u00a0<\/p>\n<p>GP des Am\u00e9riques<\/p>\n<\/li>\n<li class=\"\">\n<p>Moto GP &#8211; Voici le programme TV du GP des Am\u00e9riques 2025\u00a0<\/p>\n<p>GP des Am\u00e9riques<\/p>\n<\/li>\n<\/ul>\n<p> \ufeff                 <\/p>\n","protected":false},"excerpt":{"rendered":"Voici le programme TV complet de ce week-end de Grand Prix d&rsquo;Autriche 2025 en Moto GP, Moto 2,&hellip;\n","protected":false},"author":2,"featured_media":330486,"comment_status":"","ping_status":"","sticky":false,"template":"","format":"standard","meta":{"footnotes":""},"categories":[1413],"tags":[1011,27,1638,1457,1456,60],"class_list":{"0":"post-330485","1":"post","2":"type-post","3":"status-publish","4":"format-standard","5":"has-post-thumbnail","7":"category-moto","8":"tag-fr","9":"tag-france","10":"tag-has_diapo","11":"tag-moto","12":"tag-motocycle","13":"tag-sports"},"share_on_mastodon":{"url":"https:\/\/pubeurope.com\/@fr\/115058364130085586","error":""},"_links":{"self":[{"href":"https:\/\/www.europesays.com\/fr\/wp-json\/wp\/v2\/posts\/330485","targetHints":{"allow":["GET"]}}],"collection":[{"href":"https:\/\/www.europesays.com\/fr\/wp-json\/wp\/v2\/posts"}],"about":[{"href":"https:\/\/www.europesays.com\/fr\/wp-json\/wp\/v2\/types\/post"}],"author":[{"embeddable":true,"href":"https:\/\/www.europesays.com\/fr\/wp-json\/wp\/v2\/users\/2"}],"replies":[{"embeddable":true,"href":"https:\/\/www.europesays.com\/fr\/wp-json\/wp\/v2\/comments?post=330485"}],"version-history":[{"count":0,"href":"https:\/\/www.europesays.com\/fr\/wp-json\/wp\/v2\/posts\/330485\/revisions"}],"wp:featuredmedia":[{"embeddable":true,"href":"https:\/\/www.europesays.com\/fr\/wp-json\/wp\/v2\/media\/330486"}],"wp:attachment":[{"href":"https:\/\/www.europesays.com\/fr\/wp-json\/wp\/v2\/media?parent=330485"}],"wp:term":[{"taxonomy":"category","embeddable":true,"href":"https:\/\/www.europesays.com\/fr\/wp-json\/wp\/v2\/categories?post=330485"},{"taxonomy":"post_tag","embeddable":true,"href":"https:\/\/www.europesays.com\/fr\/wp-json\/wp\/v2\/tags?post=330485"}],"curies":[{"name":"wp","href":"https:\/\/api.w.org\/{rel}","templated":true}]}}