{"id":330491,"date":"2025-08-20T00:56:09","date_gmt":"2025-08-20T00:56:09","guid":{"rendered":"https:\/\/www.europesays.com\/fr\/330491\/"},"modified":"2025-08-20T00:56:09","modified_gmt":"2025-08-20T00:56:09","slug":"le-fc-bruges-domine-les-glasgow-rangers-paphos-fait-sensation-qarabag-assure","status":"publish","type":"post","link":"https:\/\/www.europesays.com\/fr\/330491\/","title":{"rendered":"le FC Bruges domine les Glasgow Rangers, Paphos fait sensation, Qarabag assure"},"content":{"rendered":"<p>Ce mardi, les barrages de la <a href=\"https:\/\/www.footmercato.net\/europe\/ligue-des-champions-uefa\/\" rel=\"nofollow noopener\" target=\"_blank\">Ligue des Champions<\/a> d\u00e9butent et ont offert trois affiches int\u00e9ressantes. Dans la voie de la ligue, le FC Bruges n\u2019a fait qu\u2019une bouch\u00e9e en s\u2019imposant 3-1 contre les <a href=\"https:\/\/www.footmercato.net\/club\/glasgow-rangers\/\" rel=\"nofollow noopener\" target=\"_blank\">Glasgow Rangers<\/a> et prend une option sur la qualification. Malmenant les \u00c9cossais en premi\u00e8re p\u00e9riode avec des buts de Vermant (3e), Spileers (7e) et Mechele (20e), les Gazelles ont conc\u00e9d\u00e9 un pion de Danilo Pereira (50e) en seconde p\u00e9riode. \u00c9quipe surprise de la comp\u00e9tition, les Chypriotes de Paphos ont encore \u00e9tonn\u00e9 contre l\u2019\u00c9toile Rouge de Belgrade. Correia a vite trouv\u00e9 la faille (1re) avant que Bruno double la mise (29e) mais le but fut refus\u00e9 pour une main. <\/p>\n<p>            La suite apr\u00e8s cette publicit\u00e9<\/p>\n<p>En seconde p\u00e9riode, Pepe a enfonc\u00e9 le clou sur penalty (52e) mais Bruno Duarte malgr\u00e9 son penalty manqu\u00e9 (58e) a r\u00e9duit l\u2019\u00e9cart pour cette victoire 2-1 de Paphos contre le club de Belgrade. Le club chypriote est \u00e0 un match d\u2019une qualification historique. Enfin, les Azerba\u00efdjanais de Qarabag ont pris la mesure des Hongrois de Ferencvaros. Pourtant, Varga (29e) avait marqu\u00e9 le premier avant que Jankovic (50e), Medina (67e) et Qurbanly (85e) permettent \u00e0 Qarabag de s\u2019imposer 3-1. Qarabag n\u2019a pas disput\u00e9 les phases de poules de la Ligue des Champions depuis la saison 2017\/2018.<\/p>\n<p>        Les r\u00e9sultats de la soir\u00e9e<\/p>\n<p>\u00c9toile Rouge de Belgrade (Serbie) 1-2 <strong>Paphos (Chypre)<\/strong> : Bruno Duarte (58e) pour l\u2019\u00c9toile Rouge de Belgrade; Correia (1re) et Pepe (52e) pour Paphos<\/p>\n<p>            La suite apr\u00e8s cette publicit\u00e9<\/p>\n<p>Glasgow Rangers (\u00c9cosse) 1-3 <strong>FC Bruges (Belgique)<\/strong> : Danilo Pereira (50e) pour les Rangers; Vermant (3e), Spileers (7e) et Mechele (20e) pour Bruges<\/p>\n<p>Ferencvaros (Hongrie) 1-3 <strong>Qarabag (Azerba\u00efdjan)<\/strong> : Varga (29e) pour Ferencvaros; Jankovic (50e), Medina (67e) et Qurbanly (85e) pour Qarabag<\/p>\n<p>\n    Pub. le 19\/08\/2025 23:06<br \/>\n            &#8211; MAJ le 20\/08\/2025 00:28\n    <\/p>\n","protected":false},"excerpt":{"rendered":"Ce mardi, les barrages de la Ligue des Champions d\u00e9butent et ont offert trois affiches int\u00e9ressantes. Dans la&hellip;\n","protected":false},"author":2,"featured_media":330492,"comment_status":"","ping_status":"","sticky":false,"template":"","format":"standard","meta":{"footnotes":""},"categories":[1410],"tags":[63,1011,27,60],"class_list":{"0":"post-330491","1":"post","2":"type-post","3":"status-publish","4":"format-standard","5":"has-post-thumbnail","7":"category-football","8":"tag-football","9":"tag-fr","10":"tag-france","11":"tag-sports"},"share_on_mastodon":{"url":"https:\/\/pubeurope.com\/@fr\/115058375746240719","error":""},"_links":{"self":[{"href":"https:\/\/www.europesays.com\/fr\/wp-json\/wp\/v2\/posts\/330491","targetHints":{"allow":["GET"]}}],"collection":[{"href":"https:\/\/www.europesays.com\/fr\/wp-json\/wp\/v2\/posts"}],"about":[{"href":"https:\/\/www.europesays.com\/fr\/wp-json\/wp\/v2\/types\/post"}],"author":[{"embeddable":true,"href":"https:\/\/www.europesays.com\/fr\/wp-json\/wp\/v2\/users\/2"}],"replies":[{"embeddable":true,"href":"https:\/\/www.europesays.com\/fr\/wp-json\/wp\/v2\/comments?post=330491"}],"version-history":[{"count":0,"href":"https:\/\/www.europesays.com\/fr\/wp-json\/wp\/v2\/posts\/330491\/revisions"}],"wp:featuredmedia":[{"embeddable":true,"href":"https:\/\/www.europesays.com\/fr\/wp-json\/wp\/v2\/media\/330492"}],"wp:attachment":[{"href":"https:\/\/www.europesays.com\/fr\/wp-json\/wp\/v2\/media?parent=330491"}],"wp:term":[{"taxonomy":"category","embeddable":true,"href":"https:\/\/www.europesays.com\/fr\/wp-json\/wp\/v2\/categories?post=330491"},{"taxonomy":"post_tag","embeddable":true,"href":"https:\/\/www.europesays.com\/fr\/wp-json\/wp\/v2\/tags?post=330491"}],"curies":[{"name":"wp","href":"https:\/\/api.w.org\/{rel}","templated":true}]}}