{"id":330493,"date":"2025-08-20T00:57:10","date_gmt":"2025-08-20T00:57:10","guid":{"rendered":"https:\/\/www.europesays.com\/fr\/330493\/"},"modified":"2025-08-20T00:57:10","modified_gmt":"2025-08-20T00:57:10","slug":"claudia-tagbo-touchee-par-un-cancer-du-sein-elle-fait-face-a-de-violents-messages-jen-ai-pleure","status":"publish","type":"post","link":"https:\/\/www.europesays.com\/fr\/330493\/","title":{"rendered":"Claudia Tagbo touch\u00e9e par un cancer du sein, elle fait face \u00e0 de violents messages : \u00ab\u00a0J\u2019en ai pleur\u00e9\u00a0\u00bb"},"content":{"rendered":"<p>Le milieu du spectacle fran\u00e7ais compte de nombreuses<br \/>\npersonnalit\u00e9s inspirantes. Cependant, certaines c\u00e9l\u00e9brit\u00e9s<br \/>\ntraversent des <strong>\u00e9preuves particuli\u00e8rement<br \/>\ndifficiles<\/strong> qui marquent profond\u00e9ment leur existence. Par<br \/>\ncons\u00e9quent, leurs <strong>t\u00e9moignages deviennent pr\u00e9cieux<\/strong><br \/>\npour sensibiliser le public aux r\u00e9alit\u00e9s m\u00e9dicales<br \/>\ncontemporaines.<\/p>\n<p><strong>Claudia Tagbo,<\/strong> figure embl\u00e9matique de l\u00a0\u00bbhumour<br \/>\nhexagonal, incarne cette r\u00e9silience remarquable. N\u00e9anmoins, son<br \/>\nparcours r\u00e9v\u00e8le des zones d&rsquo;ombre que l&rsquo;artiste accepte d\u00e9sormais<br \/>\nd&rsquo;\u00e9voquer publiquement. Ainsi, la com\u00e9dienne aborde aujourd&rsquo;hui des<br \/>\n<strong>sujets intimes<\/strong> avec une sinc\u00e9rit\u00e9<br \/>\nbouleversante.<\/p>\n<p>La carri\u00e8re florissante de Claudia Tagbo continue malgr\u00e9 les<br \/>\n\u00e9preuves<\/p>\n<p><strong>Claudia Tagbo<\/strong> <a href=\"https:\/\/www.melty.fr\/divers\/claudia-tagbo-en-spectacle-le-15-novembre-a-st-brieuc-212857.html\" rel=\"nofollow noopener\" target=\"_blank\"><br \/>\navait conquis Saint-Brieuc en novembre 2014<\/a> avec son spectacle<br \/>\n\u00ab\u00a0Crazy\u00a0\u00bb. Effectivement, l&rsquo;humoriste avait pr\u00e9sent\u00e9 ce<br \/>\n<strong>one-woman-show<\/strong> \u00e0 la salle Hermione devant un<br \/>\npublic enthousiaste. D&rsquo;ailleurs, cette repr\u00e9sentation t\u00e9moignait<br \/>\nd\u00e9j\u00e0 de sa capacit\u00e9 \u00e0 transformer ses exp\u00e9riences personnelles en<br \/>\n<strong>moments comiques<\/strong>.<\/p>\n<p>Cette performance sc\u00e9nique r\u00e9v\u00e9lait ainsi une <strong>artiste<br \/>\npolyvalente<\/strong>, ma\u00eetrisant parfaitement <strong>l&rsquo;art du<br \/>\nspectacle vivant<\/strong>. Par ailleurs, <strong>Claudia<br \/>\nTagbo<\/strong> avait d\u00e9montr\u00e9 son \u00e9nergie d\u00e9bordante malgr\u00e9 les<br \/>\ndifficult\u00e9s travers\u00e9es quelques ann\u00e9es auparavant. En outre, son<br \/>\napproche authentique de la condition f\u00e9minine contemporaine<br \/>\nr\u00e9sonnait particuli\u00e8rement aupr\u00e8s des spectateurs pr\u00e9sents.<\/p>\n<p>Claudia Tagbo d\u00e9voile sa philosophie de couple avec une<br \/>\nfranchise d\u00e9sarmante<\/p>\n<p><a href=\"https:\/\/www.melty.fr\/people\/claudia-tagbo-51-ans-sans-filtre-sur-sa-vie-privee-avec-son-mari-cest-tous-les-jours-2163736.html\" rel=\"nofollow noopener\" target=\"_blank\"><br \/>\nL&rsquo;humoriste s&rsquo;est confi\u00e9e en juillet 2024<\/a> sur sa conception du<br \/>\nmariage et des relations amoureuses. Effectivement, <strong>Claudia<br \/>\nTagbo<\/strong> a exprim\u00e9 une vision pragmatique, mais romantique de<br \/>\nla vie conjugale. \u00ab\u00a0Tous les jours, je fais ma demande en<br \/>\nmariage, m\u00eame si j&rsquo;ai d\u00e9j\u00e0 la bague\u00a0\u00bb, a-t-elle confi\u00e9 avec son<br \/>\nhumour caract\u00e9ristique.<\/p>\n<p>Cette approche r\u00e9v\u00e8le une femme consciente des d\u00e9fis<br \/>\nrelationnels contemporains, mais r\u00e9solument optimiste. Par<br \/>\ncons\u00e9quent, l&rsquo;artiste refuse de <strong>consid\u00e9rer le<br \/>\nmariage<\/strong> comme un acquis d\u00e9finitif n\u00e9cessitant peu<br \/>\nd&rsquo;efforts. Concernant la maternit\u00e9, <strong>Claudia Tagbo<\/strong><br \/>\na fait une croix sur cette exp\u00e9rience tout en gardant un lien<br \/>\nprivil\u00e9gi\u00e9 avec ses neveux et ni\u00e8ces.<\/p>\n<p>Face au cancer du sein, des messages<br \/>\nhaineux qui marquent profond\u00e9ment<\/p>\n<p><strong>L&rsquo;\u00e9preuve la plus difficile de Claudia Tagbo<\/strong><br \/>\nreste ind\u00e9niablement son <strong>cancer du sein<\/strong><br \/>\ndiagnostiqu\u00e9 \u00e0 30 ans. Effectivement, cette maladie a boulevers\u00e9<br \/>\nl&rsquo;existence de l&rsquo;humoriste au moment o\u00f9 sa carri\u00e8re d\u00e9collait<br \/>\nv\u00e9ritablement. Cependant, l&rsquo;artiste a trouv\u00e9 dans le travail une<br \/>\n<strong>\u00e9chappatoire salvatrice<\/strong> pendant cette p\u00e9riode<br \/>\nsombre.<\/p>\n<p>\u00ab\u00a0\u00c7a a d\u00e9marr\u00e9 comme un gag\u00a0\u00bb, expliquait-elle en 2015,<br \/>\nr\u00e9v\u00e9lant comment un simple contr\u00f4le m\u00e9dical avait chang\u00e9 sa vie.<br \/>\nN\u00e9anmoins, les traitements successifs (chirurgie, radioth\u00e9rapie,<br \/>\ncuretage) ont constitu\u00e9 un parcours du combattant particuli\u00e8rement<br \/>\n\u00e9prouvant. Malheureusement, certains internautes ont profit\u00e9 de<br \/>\ncette vuln\u00e9rabilit\u00e9 pour adresser des <strong>messages<br \/>\nparticuli\u00e8rement cruels<\/strong> \u00e0 l&rsquo;humoriste. Par ailleurs, ces<br \/>\n<strong>attaques virtuelles<\/strong> ont profond\u00e9ment affect\u00e9<br \/>\n<strong>Claudia Tagbo<\/strong>, qui confesse avoir vers\u00e9 des larmes<br \/>\nface \u00e0 tant de <strong>m\u00e9chancet\u00e9 gratuite<\/strong>. \u00ab\u00a0Sur le<br \/>\nmoment, j\u2019en ai pleur\u00e9.\u00a0\u00bb, se demandant \u00ab\u00a0Comment on peut<br \/>\ndire \u00e7a ?\u00a0\u00bb, confiait-elle.<\/p>\n","protected":false},"excerpt":{"rendered":"Le milieu du spectacle fran\u00e7ais compte de nombreuses personnalit\u00e9s inspirantes. Cependant, certaines c\u00e9l\u00e9brit\u00e9s traversent des \u00e9preuves particuli\u00e8rement difficiles&hellip;\n","protected":false},"author":2,"featured_media":330494,"comment_status":"","ping_status":"","sticky":false,"template":"","format":"standard","meta":{"footnotes":""},"categories":[1359],"tags":[58,59,1011,27,973,71],"class_list":{"0":"post-330493","1":"post","2":"type-post","3":"status-publish","4":"format-standard","5":"has-post-thumbnail","7":"category-people","8":"tag-divertissement","9":"tag-entertainment","10":"tag-fr","11":"tag-france","12":"tag-people","13":"tag-sante"},"share_on_mastodon":{"url":"https:\/\/pubeurope.com\/@fr\/115058379640408692","error":""},"_links":{"self":[{"href":"https:\/\/www.europesays.com\/fr\/wp-json\/wp\/v2\/posts\/330493","targetHints":{"allow":["GET"]}}],"collection":[{"href":"https:\/\/www.europesays.com\/fr\/wp-json\/wp\/v2\/posts"}],"about":[{"href":"https:\/\/www.europesays.com\/fr\/wp-json\/wp\/v2\/types\/post"}],"author":[{"embeddable":true,"href":"https:\/\/www.europesays.com\/fr\/wp-json\/wp\/v2\/users\/2"}],"replies":[{"embeddable":true,"href":"https:\/\/www.europesays.com\/fr\/wp-json\/wp\/v2\/comments?post=330493"}],"version-history":[{"count":0,"href":"https:\/\/www.europesays.com\/fr\/wp-json\/wp\/v2\/posts\/330493\/revisions"}],"wp:featuredmedia":[{"embeddable":true,"href":"https:\/\/www.europesays.com\/fr\/wp-json\/wp\/v2\/media\/330494"}],"wp:attachment":[{"href":"https:\/\/www.europesays.com\/fr\/wp-json\/wp\/v2\/media?parent=330493"}],"wp:term":[{"taxonomy":"category","embeddable":true,"href":"https:\/\/www.europesays.com\/fr\/wp-json\/wp\/v2\/categories?post=330493"},{"taxonomy":"post_tag","embeddable":true,"href":"https:\/\/www.europesays.com\/fr\/wp-json\/wp\/v2\/tags?post=330493"}],"curies":[{"name":"wp","href":"https:\/\/api.w.org\/{rel}","templated":true}]}}