{"id":330497,"date":"2025-08-20T00:59:10","date_gmt":"2025-08-20T00:59:10","guid":{"rendered":"https:\/\/www.europesays.com\/fr\/330497\/"},"modified":"2025-08-20T00:59:10","modified_gmt":"2025-08-20T00:59:10","slug":"le-soleil-viendra-a-toi-de-laura-nsafou","status":"publish","type":"post","link":"https:\/\/www.europesays.com\/fr\/330497\/","title":{"rendered":"Le soleil viendra \u00e0 toi, de Laura Nsafou\u00a0"},"content":{"rendered":"<p><a href=\"https:\/\/www.printfriendly.com\/print?headerImageUrl=&amp;headerTagline=&amp;pfCustomCSS=&amp;imageDisplayStyle=right&amp;disableClickToDel=1&amp;disablePDF=0&amp;disablePrint=0&amp;disableEmail=0&amp;imagesSize=medium&amp;url=http%3A%2F%2Fafricultures.com%2Fle-soleil-viendra-a-toi-de-laura-nsafou%2F&amp;source=wp\" rel=\"nofollow noopener\" class=\"noslimstat\" title=\"Printer Friendly, PDF &amp; Email\" target=\"_blank\"><img decoding=\"async\" style=\"border:none;-webkit-box-shadow:none; box-shadow:none;\" src=\"https:\/\/www.europesays.com\/fr\/wp-content\/uploads\/2025\/05\/printfriendly-pdf-email-button-notext.png\" alt=\"Print Friendly, PDF &amp; Email\"\/><\/a><\/p>\n<p><b>Depuis <\/b><b>Comme un million de papillons noirs<\/b><b> (2018), <\/b><b>Le chemin de Jada<\/b><b> (2020) et <\/b><b>La demeure du ciel<\/b><b> (2021), Laura Nsafou compose une \u0153uvre jeunesse attentive \u00e0 l\u2019inclusion des voix minor\u00e9es, \u00e0 la repr\u00e9sentativit\u00e9 et \u00e0 la transmission. Avec <\/b><b>Le soleil viendra \u00e0 toi<\/b><b>, publi\u00e9 chez Cambourakis, elle poursuit cette d\u00e9marche en explorant une exp\u00e9rience intime et pourtant universelle : l\u2019envie de vacances contrari\u00e9e par les difficult\u00e9s \u00e9conomiques.<\/b><\/p>\n<p><img loading=\"lazy\" class=\"wpa-warning wpa-image-missing-alt alignright size-medium wp-image-65795 wpsmartcrop-image\" alt=\"\" width=\"242\" height=\"300\" warning=\"Missing alt text\" data-smartcrop-focus=\"[50,50]\" \/>Ici, nous rencontrons Abeni, une petite fille impatiente de partir en vacances. Mais les contraintes financi\u00e8res viennent briser l\u2019\u00e9lan : sa m\u00e8re n\u2019a pas les moyens de voyager. Abeni, devinant sa peine, m\u00e9tamorphose l\u2019appartement en carnet de voyage, pi\u00e8ce par pi\u00e8ce, avec la complicit\u00e9 de ses amies. La cuisine devient une prairie de libellules. Le salon, un ciel \u00e9toil\u00e9. La salle de bains, une jungle bruissante.<\/p>\n<p>Les illustrations de Barbara Brun, luxuriantes et fourmillant de d\u00e9tails, traduisent la vitalit\u00e9 de cet imaginaire. Le regard s\u2019attarde, s\u2019\u00e9merveille, comme happ\u00e9 par ce foisonnement de d\u00e9cors bricol\u00e9s qui transforment l\u2019ordinaire en lieu d\u2019\u00e9vasion.<\/p>\n<p>Laura Nsafou \u00e9voque avec tendresse des r\u00e9alit\u00e9s encore marginales dans la litt\u00e9rature jeunesse : le manque d\u2019argent, le droit aux vacances comme enjeu social, le renoncement silencieux des parents. Mais \u00e0 cela r\u00e9pond la cr\u00e9ativit\u00e9 d\u00e9bordante des enfants, capables de r\u00e9inventer la joie \u00e0 partir de presque rien.<\/p>\n<p>Au fil des pages, se dessine un livre doux et lumineux, qui dit \u00e0 la fois la fragilit\u00e9 des vies sociales et la force des liens affectifs. Plus qu\u2019une histoire de tendresse et de d\u00e9brouillardise, Le soleil viendra \u00e0 toi montre combien la litt\u00e9rature jeunesse peut r\u00e9v\u00e9ler, avec d\u00e9licatesse et po\u00e9sie, des r\u00e9alit\u00e9s souvent invisibles.<\/p>\n<p><b>Anne Plantier<\/b><\/p>\n","protected":false},"excerpt":{"rendered":"Depuis Comme un million de papillons noirs (2018), Le chemin de Jada (2020) et La demeure du ciel&hellip;\n","protected":false},"author":2,"featured_media":330498,"comment_status":"","ping_status":"","sticky":false,"template":"","format":"standard","meta":{"footnotes":""},"categories":[1357],"tags":[1379,58,59,1011,27,1380],"class_list":{"0":"post-330497","1":"post","2":"type-post","3":"status-publish","4":"format-standard","5":"has-post-thumbnail","7":"category-livres","8":"tag-books","9":"tag-divertissement","10":"tag-entertainment","11":"tag-fr","12":"tag-france","13":"tag-livres"},"share_on_mastodon":{"url":"https:\/\/pubeurope.com\/@fr\/115058387608151272","error":""},"_links":{"self":[{"href":"https:\/\/www.europesays.com\/fr\/wp-json\/wp\/v2\/posts\/330497","targetHints":{"allow":["GET"]}}],"collection":[{"href":"https:\/\/www.europesays.com\/fr\/wp-json\/wp\/v2\/posts"}],"about":[{"href":"https:\/\/www.europesays.com\/fr\/wp-json\/wp\/v2\/types\/post"}],"author":[{"embeddable":true,"href":"https:\/\/www.europesays.com\/fr\/wp-json\/wp\/v2\/users\/2"}],"replies":[{"embeddable":true,"href":"https:\/\/www.europesays.com\/fr\/wp-json\/wp\/v2\/comments?post=330497"}],"version-history":[{"count":0,"href":"https:\/\/www.europesays.com\/fr\/wp-json\/wp\/v2\/posts\/330497\/revisions"}],"wp:featuredmedia":[{"embeddable":true,"href":"https:\/\/www.europesays.com\/fr\/wp-json\/wp\/v2\/media\/330498"}],"wp:attachment":[{"href":"https:\/\/www.europesays.com\/fr\/wp-json\/wp\/v2\/media?parent=330497"}],"wp:term":[{"taxonomy":"category","embeddable":true,"href":"https:\/\/www.europesays.com\/fr\/wp-json\/wp\/v2\/categories?post=330497"},{"taxonomy":"post_tag","embeddable":true,"href":"https:\/\/www.europesays.com\/fr\/wp-json\/wp\/v2\/tags?post=330497"}],"curies":[{"name":"wp","href":"https:\/\/api.w.org\/{rel}","templated":true}]}}