{"id":330501,"date":"2025-08-20T01:01:13","date_gmt":"2025-08-20T01:01:13","guid":{"rendered":"https:\/\/www.europesays.com\/fr\/330501\/"},"modified":"2025-08-20T01:01:13","modified_gmt":"2025-08-20T01:01:13","slug":"helena-reprend-cette-chanson-de-rupture-en-acoustique-et-cest-absolument-sublime","status":"publish","type":"post","link":"https:\/\/www.europesays.com\/fr\/330501\/","title":{"rendered":"Helena reprend cette chanson de rupture en acoustique, et c&rsquo;est absolument sublime"},"content":{"rendered":"<p><img decoding=\"async\" src=\"https:\/\/www.europesays.com\/fr\/wp-content\/uploads\/2025\/08\/photo_1755530743.jpg\" class=\"textcenter img-content\" loading=\"lazy\"\/>Capture YouTube<br \/>\n<br \/>\nV\u00e9ritable r\u00e9v\u00e9lation de la \u00ab\u00a0Star Academy\u00a0\u00bb en 2023, Helena est en train d&rsquo;\u00e9crire un premier chapitre impressionnant. Celle qui n&rsquo;avait jamais chant\u00e9 devant un public ni m\u00eame sa famille avant d&rsquo;entrer au ch\u00e2teau de Dammarie-les-Lys est d\u00e9sormais \u00e9cout\u00e9e par 1,3 million d&rsquo;auditeurs mensuels sur Spotify, gr\u00e2ce \u00e0 ses tubes \u00ab\u00a0Aim\u00e9e pour de vrai\u00a0\u00bb, <a href=\"https:\/\/www.chartsinfrance.net\/actualite\/news-129710.html\" target=\"_blank\" class=\"spip_out\" rel=\"nofollow noopener\">\u00ab\u00a0Summer Body\u00a0\u00bb<\/a> et <a href=\"https:\/\/www.chartsinfrance.net\/actualite\/news-131341.html\" target=\"_blank\" class=\"spip_out\" rel=\"nofollow noopener\">\u00ab\u00a0Mauvais gar\u00e7on\u00a0\u00bb<\/a>, qui compte plus de 44 millions d&rsquo;\u00e9coutes sur la plateforme. Entr\u00e9 num\u00e9ro un des ventes, son premier album \u00ab\u00a0H\u00e9l\u00e9\u00a0\u00bb affiche d\u00e9j\u00e0 plus de 82.000 exemplaires \u00e9coul\u00e9s, et sa tourn\u00e9e s&rsquo;arr\u00eatera notamment dans les Z\u00e9nith et Arenas de France, Belgique et Suisse. <\/p>\n<p>Le player Dailymotion est en train de se charger&#8230;<\/p>\n<p>Un succ\u00e8s qu&rsquo;elle ne r\u00e9alise pas toujours. \u00ab C&rsquo;est un peu ma plus grosse \u00ab\u00a0frustration\u00a0\u00bb. Autour de moi, les gens dans le m\u00e9tier, mon \u00e9quipe, le label me disent : \u00ab\u00a0Est-ce que tu sais \u00e0 quel point c&rsquo;est dingue ?\u00a0\u00bb . Je leur dis : \u00ab\u00a0Comment voulez vous que je sois consciente alors que j&rsquo;ai aucun recul, aucun exemple ?\u00a0\u00bb C&rsquo;est mon premier album \u00bb explique Helena dans \u00ab\u00a0Le Clic d&rsquo;Alix\u00a0\u00bb : \u00ab En plus, c&rsquo;est des chiffres, c&rsquo;est dur de comprendre ce que veut dire un chiffre \u00bb.<\/p>\n<p>\u00ab\u00a0Merci pour ce beau moment suspendu\u00a0\u00bb<br \/>\nQuoi qu&rsquo;il en soit, Helena savoure l&rsquo;engouement bien concret autour de son premier album et de sa tourn\u00e9e, qui sillonne les festivals actuellement. Dans ce tourbillon, la chanteuse de 23 ans a pris le temps de s&rsquo;arr\u00eater dans les locaux de Konbini afin d&rsquo;enregistrer une reprise en guitare-voix. Et pas n&rsquo;importe laquelle ! En effet, elle a jet\u00e9 son d\u00e9volu sur la chanson \u00ab\u00a0L&rsquo;amour de ma vie\u00a0\u00bb de Billie Eilish, extraite de son troisi\u00e8me <a href=\"https:\/\/www.chartsinfrance.net\/Billie-Eilish\/news-129878.html\" target=\"_blank\" class=\"spip_out\" rel=\"nofollow noopener\">album \u00ab\u00a0Hit Me Hard and Soft\u00a0\u00bb<\/a> paru l&rsquo;an dernier et qui compte plus de 270.000 ventes en France. Un titre de rupture en deux parties, entre bossa nova et touches \u00e9lectro, que beaucoup ont compar\u00e9 au r\u00e9pertoire d&rsquo;Edith Piaf m\u00eal\u00e9 \u00e0 du Charli XCX. <\/p>\n<p>Accompagn\u00e9 du guitariste Jonathan Cagne, celle qui vient de raconter <a href=\"https:\/\/www.chartsinfrance.net\/Helena\/news-133502.html\" target=\"_blank\" class=\"spip_out\" rel=\"nofollow noopener\">sa plus grosse honte sur sc\u00e8ne<\/a> s&rsquo;approprie donc ici les mots de son idole avec douceur, arm\u00e9e de sa voix chaude, particuli\u00e8rement sublime : \u00ab It isn&rsquo;t asking for a lot for an apology \/ For making me feel like it&rsquo;d kill you if I tried to leave \/ You said you&rsquo;d never fall in love again because of me \/ Then you moved on, then you moved on \u00bb.<\/p>\n<\/p>\n<p>\u00ab Merci pour ce beau moment suspendu \u00bb, \u00ab Sa voix est incroyable, elle a vraiment tout \u00bb, \u00ab Une voix captivante qui fait passer l&rsquo;\u00e9motion \u00bb, \u00ab C&rsquo;est si beau et doux \u00bb, \u00ab Cette voix me bouleverse \u00bb, \u00ab Pas de mots ! c&rsquo;est une r\u00e9ussite encore une fois. Quel talent bravo \u00bb ou \u00ab Un bijou \u00bb peut-on lire parmi les commentaires sur les r\u00e9seaux sociaux, alors que la vid\u00e9o cumule d\u00e9j\u00e0 plus d&rsquo;un million de vues sur Instagram. Ce n&rsquo;est pas une surprise si Helena reprend Billie Eilish puisqu&rsquo;elle avait \u00e9t\u00e9 aper\u00e7ue avec Pierre Garnier dans le public <a href=\"https:\/\/www.chartsinfrance.net\/Billie-Eilish\/news-132863.html\" target=\"_blank\" class=\"spip_out\" rel=\"nofollow noopener\">du concert de la star am\u00e9ricaine<\/a> \u00e0 l&rsquo;Accor Arena de Paris en juin dernier.<\/p>\n","protected":false},"excerpt":{"rendered":"Capture YouTube V\u00e9ritable r\u00e9v\u00e9lation de la \u00ab\u00a0Star Academy\u00a0\u00bb en 2023, Helena est en train d&rsquo;\u00e9crire un premier chapitre&hellip;\n","protected":false},"author":2,"featured_media":330502,"comment_status":"","ping_status":"","sticky":false,"template":"","format":"standard","meta":{"footnotes":""},"categories":[1355],"tags":[58,59,1011,27,1361,873],"class_list":{"0":"post-330501","1":"post","2":"type-post","3":"status-publish","4":"format-standard","5":"has-post-thumbnail","7":"category-musique","8":"tag-divertissement","9":"tag-entertainment","10":"tag-fr","11":"tag-france","12":"tag-music","13":"tag-musique"},"share_on_mastodon":{"url":"https:\/\/pubeurope.com\/@fr\/115058395467636580","error":""},"_links":{"self":[{"href":"https:\/\/www.europesays.com\/fr\/wp-json\/wp\/v2\/posts\/330501","targetHints":{"allow":["GET"]}}],"collection":[{"href":"https:\/\/www.europesays.com\/fr\/wp-json\/wp\/v2\/posts"}],"about":[{"href":"https:\/\/www.europesays.com\/fr\/wp-json\/wp\/v2\/types\/post"}],"author":[{"embeddable":true,"href":"https:\/\/www.europesays.com\/fr\/wp-json\/wp\/v2\/users\/2"}],"replies":[{"embeddable":true,"href":"https:\/\/www.europesays.com\/fr\/wp-json\/wp\/v2\/comments?post=330501"}],"version-history":[{"count":0,"href":"https:\/\/www.europesays.com\/fr\/wp-json\/wp\/v2\/posts\/330501\/revisions"}],"wp:featuredmedia":[{"embeddable":true,"href":"https:\/\/www.europesays.com\/fr\/wp-json\/wp\/v2\/media\/330502"}],"wp:attachment":[{"href":"https:\/\/www.europesays.com\/fr\/wp-json\/wp\/v2\/media?parent=330501"}],"wp:term":[{"taxonomy":"category","embeddable":true,"href":"https:\/\/www.europesays.com\/fr\/wp-json\/wp\/v2\/categories?post=330501"},{"taxonomy":"post_tag","embeddable":true,"href":"https:\/\/www.europesays.com\/fr\/wp-json\/wp\/v2\/tags?post=330501"}],"curies":[{"name":"wp","href":"https:\/\/api.w.org\/{rel}","templated":true}]}}