{"id":330505,"date":"2025-08-20T01:03:19","date_gmt":"2025-08-20T01:03:19","guid":{"rendered":"https:\/\/www.europesays.com\/fr\/330505\/"},"modified":"2025-08-20T01:03:19","modified_gmt":"2025-08-20T01:03:19","slug":"hausse-spectaculaire-du-nombre-de-cas-en-france-en-2024","status":"publish","type":"post","link":"https:\/\/www.europesays.com\/fr\/330505\/","title":{"rendered":"hausse spectaculaire du nombre de cas en France en 2024"},"content":{"rendered":"<p>Le nombre de cas d\u2019enc\u00e9phalite \u00e0 tiques (TBE) augmente ces derni\u00e8res ann\u00e9es en Europe, de m\u00eame que la zone et la p\u00e9riode de circulation du virus. Aussi, en 2021, les autorit\u00e9s sanitaires ont inscrit la maladie sur la liste des maladies \u00e0 signalement obligatoire.<\/p>\n<p>Objectif\u00a0? \u00ab\u00a0Suivre l\u2019\u00e9volution des \u00e9pid\u00e9mies dans le temps et mettre en place des politiques de sant\u00e9 publique adapt\u00e9es\u00a0\u00bb, note Sant\u00e9 publique France dans un communiqu\u00e9 diffus\u00e9 le 12 ao\u00fbt.<\/p>\n<p>En 2024, 62 cas diagnostiqu\u00e9s en France ont \u00e9t\u00e9 notifi\u00e9s, ce qui correspond \u00e0 une augmentation de 60 % du nombre de cas par rapport \u00e0 2023, et 77 % par rapport \u00e0 2022, premi\u00e8re ann\u00e9e compl\u00e8te de surveillance par le signalement obligatoire.\u00a0<\/p>\n<p>Une hausse vertigineuse mais qui montre surtout une bonne sensibilisation et une appropriation du signalement obligatoire par les m\u00e9decins et le public, l\u2019augmentation des signalements concernant principalement des formes peu graves de la maladie.<\/p>\n<p><strong>Juillet et ao\u00fbt, p\u00e9riode \u00e0 haut risque<\/strong><\/p>\n<p>Autres informations, 55 cas (88,7 %) d\u00e9clar\u00e9s en 2024 avaient acquis leur infection en France. Le pic de survenue des cas (date de d\u00e9but des signes) \u00e9tait en juillet et ao\u00fbt avec respectivement 16 et 17 cas, soit 53 % du total de l\u2019ann\u00e9e.\u00a0 La majorit\u00e9 des cas avaient \u00e9t\u00e9 contamin\u00e9s en r\u00e9gion\u00a0Auvergne-Rh\u00f4ne-Alpes\u00a0et\u00a0Grand-Est.<\/p>\n<p>Le virus de l\u2019enc\u00e9phalite \u00e0 tique (TBE) est<a href=\"https:\/\/destinationsante.com\/maladie-de-lyme-un-antibiotique-efficace.html\" target=\"_blank\" rel=\"noopener nofollow\"> transmis \u00e0 l\u2019humain par piq\u00fbre de tique<\/a> infect\u00e9e lors des activit\u00e9s professionnelles ou de loisirs, dans les zones bois\u00e9es humides comme le camping, les randonn\u00e9es, le ramassage de champignons, rappelle Sant\u00e9 publique France. Plus rarement, la contamination peut se faire par <a href=\"https:\/\/destinationsante.com\/encephalite-a-tiques-attention-aux-fromages-au-lait-cru.html\" target=\"_blank\" rel=\"noopener nofollow\">consommation de lait cru ou de fromage au lait cru<\/a>, principalement de ch\u00e8vre ou de brebis.<\/p>\n<p>  <strong>Quels sont les sympt\u00f4mes\u00a0? <\/strong><\/p>\n<p>Apr\u00e8s une p\u00e9riode d\u2019incubation d\u2019une \u00e0 deux semaines, la maladie d\u00e9bute comme une grippe avec de la fi\u00e8vre, des maux de t\u00eate et des frissons.<\/p>\n<p>Apparaissent ensuite chez 20 \u00e0 30 % des cas, les signes d\u2019une atteinte du cerveau (enc\u00e9phalite)\u00a0: prostration ou agitation, somnolence, d\u00e9lires, troubles du tonus des muscles, pertes d\u2019\u00e9quilibre. Le d\u00e9c\u00e8s survient dans 2 \u00e0 3 % des cas. 10 \u00e0 20 % des patients pr\u00e9sentent des s\u00e9quelles (paralysies).<\/p>\n<p>Le traitement consiste en une prise en charge des sympt\u00f4mes, il n\u2019existe aucun m\u00e9dicament contre la maladie. \u00ab\u00a0La\u00a0convalescence\u00a0de la maladie est longue, des s\u00e9quelles\u00a0neurologiques ou psychiatriques pouvant persister apr\u00e8s la gu\u00e9rison\u00a0\u00bb, note vaccination-info-service.fr.<\/p>\n<p>\u00ab\u00a0La vaccination contre l\u2019enc\u00e9phalite \u00e0 tiques est recommand\u00e9e chez les personnes r\u00e9sidant dans des pays o\u00f9 la maladie est fr\u00e9quente et chez les voyageurs adultes et enfants expos\u00e9s dans ces pays\u00a0\u00bb, ajoute Sant\u00e9 publique France.<\/p>\n<p><strong>Comment se prot\u00e9ger\u00a0? <\/strong><\/p>\n<p>Avant ou pendant une exposition \u00e0 risque (randonn\u00e9es, jardinage, promenade en for\u00eat ou dans les p\u00e2turages),<\/p>\n<ul>\n<li>portez des v\u00eatements longs couvrant bras et jambes, ajoutez un chapeau, et rentrez le bas du pantalon dans les chaussettes ;<\/li>\n<li>restez sur les chemins balis\u00e9s et \u00e9vitez les broussailles, foug\u00e8res et herbes hautes ;<\/li>\n<li>appliquez un r\u00e9pulsif cutan\u00e9 adapt\u00e9 contre les tiques.<\/li>\n<\/ul>\n<p>\u00a0<\/p>\n<p>Apr\u00e8s l\u2019exposition,<\/p>\n<ul>\n<li>inspectez attentivement votre corps pour d\u00e9tecter la pr\u00e9sence \u00e9ventuelle de tiques ;<\/li>\n<li>en cas de piq\u00fbre, retirez la tique d\u00e8s que possible \u00e0 l\u2019aide d\u2019un tire-tique ou, \u00e0 d\u00e9faut, d\u2019une pince fine.<\/li>\n<\/ul>\n<p>\u00a0<\/p>\n<p><strong>\u00c0 noter<\/strong>\u00a0: chaque ann\u00e9e dans le monde, entre 5 000 et 13 000 cas d\u2019enc\u00e9phalite \u00e0 tiques sont d\u00e9clar\u00e9s. Le virus est end\u00e9mique dans de nombreuses r\u00e9gions d\u2019Europe (Estonie, Slov\u00e9nie, Lettonie, Lituanie, R\u00e9publique tch\u00e8que, Autriche, Su\u00e8de, Suisse, Slovaquie, Hongrie, Pologne, Finlande, Allemagne, France, Croatie et Norv\u00e8ge), en Sib\u00e9rie, en Extr\u00eame-Orient russe, dans le nord de la Chine et au Japon.<\/p>\n","protected":false},"excerpt":{"rendered":"Le nombre de cas d\u2019enc\u00e9phalite \u00e0 tiques (TBE) augmente ces derni\u00e8res ann\u00e9es en Europe, de m\u00eame que la&hellip;\n","protected":false},"author":2,"featured_media":330506,"comment_status":"","ping_status":"","sticky":false,"template":"","format":"standard","meta":{"footnotes":""},"categories":[10],"tags":[107,1011,27,72,1031,5362,71],"class_list":{"0":"post-330505","1":"post","2":"type-post","3":"status-publish","4":"format-standard","5":"has-post-thumbnail","7":"category-sante","8":"tag-fil-info","9":"tag-fr","10":"tag-france","11":"tag-health","12":"tag-magazine","13":"tag-magazine-sante","14":"tag-sante"},"share_on_mastodon":{"url":"https:\/\/pubeurope.com\/@fr\/115058403096265251","error":""},"_links":{"self":[{"href":"https:\/\/www.europesays.com\/fr\/wp-json\/wp\/v2\/posts\/330505","targetHints":{"allow":["GET"]}}],"collection":[{"href":"https:\/\/www.europesays.com\/fr\/wp-json\/wp\/v2\/posts"}],"about":[{"href":"https:\/\/www.europesays.com\/fr\/wp-json\/wp\/v2\/types\/post"}],"author":[{"embeddable":true,"href":"https:\/\/www.europesays.com\/fr\/wp-json\/wp\/v2\/users\/2"}],"replies":[{"embeddable":true,"href":"https:\/\/www.europesays.com\/fr\/wp-json\/wp\/v2\/comments?post=330505"}],"version-history":[{"count":0,"href":"https:\/\/www.europesays.com\/fr\/wp-json\/wp\/v2\/posts\/330505\/revisions"}],"wp:featuredmedia":[{"embeddable":true,"href":"https:\/\/www.europesays.com\/fr\/wp-json\/wp\/v2\/media\/330506"}],"wp:attachment":[{"href":"https:\/\/www.europesays.com\/fr\/wp-json\/wp\/v2\/media?parent=330505"}],"wp:term":[{"taxonomy":"category","embeddable":true,"href":"https:\/\/www.europesays.com\/fr\/wp-json\/wp\/v2\/categories?post=330505"},{"taxonomy":"post_tag","embeddable":true,"href":"https:\/\/www.europesays.com\/fr\/wp-json\/wp\/v2\/tags?post=330505"}],"curies":[{"name":"wp","href":"https:\/\/api.w.org\/{rel}","templated":true}]}}