{"id":330507,"date":"2025-08-20T01:05:12","date_gmt":"2025-08-20T01:05:12","guid":{"rendered":"https:\/\/www.europesays.com\/fr\/330507\/"},"modified":"2025-08-20T01:05:12","modified_gmt":"2025-08-20T01:05:12","slug":"il-aura-ete-un-grand-maire-a-carhaix-lancien-maire-jean-pierre-jeudy-nest-plus","status":"publish","type":"post","link":"https:\/\/www.europesays.com\/fr\/330507\/","title":{"rendered":"\u00ab\u00a0Il aura \u00e9t\u00e9 un grand maire\u00a0\u00bb\u00a0: \u00e0 Carhaix, l\u2019ancien maire Jean-Pierre Jeudy n\u2019est plus"},"content":{"rendered":"<p>C\u2019est par voie de communiqu\u00e9 que le maire de Carhaix, Christian Troadec, a annonc\u00e9, ce mardi apr\u00e8s-midi, le d\u00e9c\u00e8s, \u00e0 l\u2019\u00e2ge de 81 ans, de Jean-Pierre Jeudy, qui fut le premier magistrat de la ville de 1977 \u00e0 1995. \u00ab\u00a0Il fut un grand maire b\u00e2tisseur\u00a0\u00bb, affirme l\u2019\u00e9dile, indiquant que la ville lui rendrait l\u2019hommage qu\u2019il m\u00e9rite dans les prochaines semaines. Un b\u00e2timent public pourrait ainsi porter son nom. \u00ab\u00a0Nous en discuterons bient\u00f4t en conseil municipal\u00a0\u00bb, ajoute-t-il.<\/p>\n<p>Plusieurs r\u00e9alisations phares<\/p>\n<p>D\u2019abord \u00e9lu de l\u2019opposition \u00e0 Carhaix, puis conseiller g\u00e9n\u00e9ral du canton en 1973, le brillant orateur qu\u2019\u00e9tait Jean-Pierre Jeudy a \u00e9t\u00e9 le<a href=\"https:\/\/www.letelegramme.fr\/finistere\/carhaix-29270\/ca-a-donne-lhabitude-de-travailler-en-commun-jean-pierre-jeudy-revient-sur-les-30-ans-de-poher-communaute-6498254.php\" target=\"_blank\" rel=\"noopener\"> maire de la capitale du Poher pendant dix-huit ans.<\/a> Il est \u00e9lu pour la premi\u00e8re fois en 1977, \u00e0 la t\u00eate d\u2019une liste d\u2019union de la gauche, avant d\u2019\u00eatre r\u00e9\u00e9lu en 1983 et 1989. Pendant ces trois mandats, plusieurs r\u00e9alisations phares virent le jour comme la salle de cin\u00e9ma associative, le Cinedix, la biblioth\u00e8que municipale, l\u2019\u00e9cole municipale de musique, le foyer-logements de la Salette, inaugur\u00e9 7 f\u00e9vrier 1983 par Pierre B\u00e9r\u00e9govoy, ministre des Affaires sociales, sans oublier <a href=\"https:\/\/www.letelegramme.fr\/finistere\/carhaix-29270\/span-classamorcecrematoriumspan-un-pionnier-en-bretagne-3349968.php\" target=\"_blank\" rel=\"noopener\">le Cr\u00e9matorium (le premier de Bretagne, NDLR)<\/a>. On doit aussi \u00e0 Jean-Pierre Jeudy la cr\u00e9ation de la P\u00e9pini\u00e8re des entreprises, ainsi que de plusieurs \u00e9quipements sportifs (la salle de combat). Jean-Pierre Jeudy fut aussi \u00e0 l\u2019origine de la cr\u00e9ation de la communaut\u00e9 des communes du Poher, dont il devint le premier pr\u00e9sident en 1994.<\/p>\n<p>Jean-Pierre Jeudy \u00e9tait n\u00e9 le 26 janvier 1944 \u00e0 Cond\u00e9-sur-Huisne (Orne). Il a grandi en r\u00e9gion parisienne dans une famille communiste avant de s\u2018installer \u00e0 Carhaix, o\u00f9 il fut tour \u00e0 tour instituteur puis professeur d\u2019histoire g\u00e9ographie au coll\u00e8ge. Exclu du Parti communiste en 1987, il avait fond\u00e9 la Gauche Unie pour le Poher.<\/p>\n<p>Bras de fer en conseil municipal<\/p>\n<p>Ses trois mandats au conseil municipal ont \u00e9t\u00e9 marqu\u00e9s par le duel farouche qui l\u2019opposa, pendant pr\u00e8s de deux d\u00e9cennies, \u00e0 Jean Rohou, le notable de droite. Deux caract\u00e8res bien tremp\u00e9s que tout opposait et dont le bras de fer marqua durablement la vie carhaisienne. \u00ab\u00a0Jean-Pierre Jeudy aimait le combat et ne refusait jamais l\u2019obstacle. Il savait trop bien que la politique est d\u2019abord une question de rapport de force\u00a0\u00bb, estime Christian Troadec. Battu aux \u00e9lections municipales de 1995 par Andr\u00e9 Le Roux (Divers droite), Jean-Pierre Jeudy repart au combat six ans plus tard. Arriv\u00e9 en troisi\u00e8me position, il rallie alors Christian Troadec, faisant du m\u00eame coup \u00e9chec \u00e0 la liste PS-PC conduite par le futur pr\u00e9sident de l\u2019Assembl\u00e9e nationale Richard Ferrand. Et tandis que le pr\u00e9sident des<a href=\"https:\/\/www.letelegramme.fr\/culture-loisirs\/festivals\/vieilles-charrues\/en-france-quand-on-parle-de-la-ville-des-vieilles-charrues-tout-le-monde-connait-le-regard-de-l-ancien-maire-de-carhaix-sur-le-festival-289172.php\" target=\"_blank\" rel=\"noopener\"> Vieilles Charrues<\/a> s\u2019installe dans le fauteuil de maire, l\u2019ancien \u00e9dile retrouve, jusqu\u2019en 2008, la pr\u00e9sidence de la communaut\u00e9 des communes du Poher. S\u2019il continue un temps de s\u2019int\u00e9resser \u00e0 la vie politique locale au sein notamment du Front de Gauche, figurant m\u00eame en derni\u00e8re position sur la liste \u00ab\u00a0Une vraie gauche pour Carhaix\u00a0\u00bb aux municipales de 2014, Jean-Pierre Jeudy embrasse ensuite un autre combat, celui de <a href=\"https:\/\/www.letelegramme.fr\/finistere\/carhaix-29270\/a-carhaix-un-vibrant-appel-au-cessez-le-feu-en-palestine-6462292.php\" target=\"_blank\" rel=\"noopener\">la cause palestinienne<\/a>, <a href=\"https:\/\/www.letelegramme.fr\/finistere\/carhaix-29270\/spanfrance-palestinespan-toujours-de-la-solidarite-2163133.php\" target=\"_blank\" rel=\"noopener\">prenant la pr\u00e9sidence du groupe centre breton de l\u2019AFPS<\/a> (Association France Palestine Solidarit\u00e9) jusqu\u2019\u00e0 il y a peu.<\/p>\n<p>\u00ab\u00a0Grandes convictions\u00a0\u00bb<\/p>\n<p>\u00ab\u00a0Homme de gauche, de conviction, orateur hors pair, Jean-Pierre Jeudy aura marqu\u00e9 l\u2019histoire de Carhaix, indique Christian Troadec. Il aura marqu\u00e9 l\u2019histoire qu\u2019il affectionnait tant et dont il avait fait son m\u00e9tier en tant qu\u2019enseignant. Il savait aussi \u00eatre l\u2019h\u00f4te \u00e0 la compagnie joyeuse et tr\u00e8s agr\u00e9able, tant sa culture \u00e9tait grande et son humour \u00e0 la hauteur de la puissance de sa voix. Certains n\u2019aiment plus les asp\u00e9rit\u00e9s et les gens qui ont des choses \u00e0 dire. Il avait de grandes convictions qu\u2019il savait affirmer, il disait lui-m\u00eame ne pas avoir peur des pol\u00e9miques et pensait que c\u2019\u00e9tait sain pour la d\u00e9mocratie, que \u00e7a permettait de faire avancer les dossiers. J\u2019aimais sa fa\u00e7on de faire la politique et ce qu\u2019il portait comme conviction en lui\u00a0\u00bb, ajoute-t-il.<\/p>\n<p>D\u2019abord \u00e9lu de l\u2019opposition \u00e0 Carhaix, puis conseiller g\u00e9n\u00e9ral du canton en 1973, ce brillant orateur a \u00e9t\u00e9 le maire de la capitale du Poher pendant dix-huit ans. Il est \u00e9lu pour la premi\u00e8re fois en 1977, \u00e0 la t\u00eate d\u2019une liste d\u2019union de la gauche, avant d\u2019\u00eatre r\u00e9\u00e9lu en 1983 et 1989.<\/p>\n<p>Jean-Pierre Jeudy fut aussi \u00e0 l\u2019origine de la cr\u00e9ation de la communaut\u00e9 des communes du Poher dont il devint le premier pr\u00e9sident en 1994, avant d\u2019\u00eatre battu en 1995. Il avait retrouv\u00e9 ce poste en 2001, apr\u00e8s la victoire de Christian\u00a0Troadec, avec qui il avait fait alliance pour les municipales.<\/p>\n","protected":false},"excerpt":{"rendered":"C\u2019est par voie de communiqu\u00e9 que le maire de Carhaix, Christian Troadec, a annonc\u00e9, ce mardi apr\u00e8s-midi, le&hellip;\n","protected":false},"author":2,"featured_media":330508,"comment_status":"","ping_status":"","sticky":false,"template":"","format":"standard","meta":{"footnotes":""},"categories":[8],"tags":[829,5934,58,765,59,3321,1011,27],"class_list":{"0":"post-330507","1":"post","2":"type-post","3":"status-publish","4":"format-standard","5":"has-post-thumbnail","7":"category-divertissement","8":"tag-bretagne","9":"tag-carhaix-plouguer","10":"tag-divertissement","11":"tag-en-continu","12":"tag-entertainment","13":"tag-finistere","14":"tag-fr","15":"tag-france"},"share_on_mastodon":{"url":"https:\/\/pubeurope.com\/@fr\/115058411155984607","error":""},"_links":{"self":[{"href":"https:\/\/www.europesays.com\/fr\/wp-json\/wp\/v2\/posts\/330507","targetHints":{"allow":["GET"]}}],"collection":[{"href":"https:\/\/www.europesays.com\/fr\/wp-json\/wp\/v2\/posts"}],"about":[{"href":"https:\/\/www.europesays.com\/fr\/wp-json\/wp\/v2\/types\/post"}],"author":[{"embeddable":true,"href":"https:\/\/www.europesays.com\/fr\/wp-json\/wp\/v2\/users\/2"}],"replies":[{"embeddable":true,"href":"https:\/\/www.europesays.com\/fr\/wp-json\/wp\/v2\/comments?post=330507"}],"version-history":[{"count":0,"href":"https:\/\/www.europesays.com\/fr\/wp-json\/wp\/v2\/posts\/330507\/revisions"}],"wp:featuredmedia":[{"embeddable":true,"href":"https:\/\/www.europesays.com\/fr\/wp-json\/wp\/v2\/media\/330508"}],"wp:attachment":[{"href":"https:\/\/www.europesays.com\/fr\/wp-json\/wp\/v2\/media?parent=330507"}],"wp:term":[{"taxonomy":"category","embeddable":true,"href":"https:\/\/www.europesays.com\/fr\/wp-json\/wp\/v2\/categories?post=330507"},{"taxonomy":"post_tag","embeddable":true,"href":"https:\/\/www.europesays.com\/fr\/wp-json\/wp\/v2\/tags?post=330507"}],"curies":[{"name":"wp","href":"https:\/\/api.w.org\/{rel}","templated":true}]}}