{"id":330509,"date":"2025-08-20T01:06:18","date_gmt":"2025-08-20T01:06:18","guid":{"rendered":"https:\/\/www.europesays.com\/fr\/330509\/"},"modified":"2025-08-20T01:06:18","modified_gmt":"2025-08-20T01:06:18","slug":"samsung-officialise-ses-galaxy-buds3-fe-design-ia-anc-mais-a-quel-prix","status":"publish","type":"post","link":"https:\/\/www.europesays.com\/fr\/330509\/","title":{"rendered":"Samsung officialise ses Galaxy Buds3 FE : design, IA, ANC\u2026 mais \u00e0 quel prix ?"},"content":{"rendered":"<p>                    <a aria-label=\"Samsung Galaxy Buds3 FE\" href=\"https:\/\/www.lesnumeriques.com\/ecouteurs-sans-fil\/samsung-galaxy-buds3-fe-p76946.html\" target=\"_blank\" rel=\"noopener\">Samsung Galaxy Buds3 FE<\/a><\/p>\n<p>                                                <a href=\"https:\/\/www.lesnumeriques.com\/ecouteurs-sans-fil\/samsung-galaxy-buds3-fe-p76946.html\" title=\"Samsung Galaxy Buds3 FE\" target=\"_blank\" rel=\"noopener\"><\/p>\n<p>            <img loading=\"lazy\" decoding=\"async\" src=\"data:image\/svg+xml,%3Csvg xmlns='http:\/\/www.w3.org\/2000\/svg'%3E%3C\/svg%3E\" draggable=\"false\" width=\"452\" height=\"254\" class=\"ed__title-xxs\" alt=\"Samsung Galaxy Buds3 FE\"\/><\/p>\n<p>                <\/a><\/p>\n<ul class=\"pr__m-pt__lst is--active\" data-table-content=\"146790\" role=\"list\">\n<li class=\"pr__m-pt__lst__itm \" role=\"listitem\">\n<p>            <a href=\"https:\/\/prix.lesnums.com\/offer\/eyJwcmljZUlkIjo0Mzk4ODgsInNpdGVJZCI6MSwib2ZmZXJJZCI6IjEtMjE5MTk1NzgiLCJmZWVkSWQiOjIzfQ==\" class=\"pr__m-pt__lst__itm__lnk js-price-lead js-track-price-url\" data-source=\"TP\" data-track-action=\"Fnac.com\" data-track-label=\"Samsung Galaxy Buds3 FE\" data-track-brand=\"Samsung\" data-track-price=\"149.99\" data-variant=\"Clic prix sortant variant merged_offers_new_refurbished\" target=\"_blank\" rel=\"nofollow noopener\" aria-label=\"Voir l&#039;offre\" title=\"Ecouteurs Samsung Galaxy Buds3 FE Bluetooth avec r\u00e9duction active du bruit Noir\"><\/p>\n<p>                    <img decoding=\"async\" src=\"https:\/\/www.europesays.com\/fr\/wp-content\/uploads\/2025\/08\/1755582144_188_fnac-com-0199b999.png\" alt=\"Fnac.com\" loading=\"lazy\" intrinsicsize=\"16x16\" width=\"16\" height=\"16\"\/><br \/>\n                    Fnac.com<\/p>\n<p>\n                149,99\u00a0\u20ac                    Neuf<\/p>\n<\/li>\n<li class=\"pr__m-pt__lst__itm \" role=\"listitem\">\n<p>            <a href=\"https:\/\/prix.lesnums.com\/offer\/eyJwcmljZUlkIjo0Mzk4ODgsInNpdGVJZCI6MSwib2ZmZXJJZCI6IjAwMDAwMDAwMDAwMTIyNzI5MiIsImZlZWRJZCI6Mjd9\" class=\"pr__m-pt__lst__itm__lnk js-price-lead js-track-price-url\" data-source=\"TP\" data-track-action=\"Boulanger.com\" data-track-label=\"Samsung Galaxy Buds3 FE\" data-track-brand=\"Samsung\" data-track-price=\"149.99\" data-variant=\"Clic prix sortant variant merged_offers_new_refurbished\" target=\"_blank\" rel=\"nofollow noopener\" aria-label=\"Voir l&#039;offre\" title=\"Ecouteurs SAMSUNG Galaxy Buds3 FE Noir\"><\/p>\n<p>                    <img decoding=\"async\" src=\"https:\/\/www.europesays.com\/fr\/wp-content\/uploads\/2025\/08\/1755582142_300_boulanger-034dc369.png\" alt=\"Boulanger.com\" loading=\"lazy\" intrinsicsize=\"16x16\" width=\"16\" height=\"16\"\/><br \/>\n                    Boulanger.com<\/p>\n<p>\n                149,99\u00a0\u20ac                    Neuf<\/p>\n<\/li>\n<li class=\"pr__m-pt__lst__itm \" role=\"listitem\">\n<p>            <a href=\"https:\/\/prix.lesnums.com\/offer\/eyJwcmljZUlkIjo0Mzk4ODgsInNpdGVJZCI6MSwib2ZmZXJJZCI6IjgwNzY3MTUiLCJmZWVkSWQiOjd9\" class=\"pr__m-pt__lst__itm__lnk js-price-lead js-track-price-url\" data-source=\"TP\" data-track-action=\"Darty.com\" data-track-label=\"Samsung Galaxy Buds3 FE\" data-track-brand=\"Samsung\" data-track-price=\"149.99\" data-variant=\"Clic prix sortant variant merged_offers_new_refurbished\" target=\"_blank\" rel=\"nofollow noopener\" aria-label=\"Voir l&#039;offre\" title=\"Buds3 FE Noir\"><\/p>\n<p>                    <img decoding=\"async\" src=\"https:\/\/www.europesays.com\/fr\/wp-content\/uploads\/2025\/08\/1755582145_547_darty-com-0e0323cc.png\" alt=\"Darty.com\" loading=\"lazy\" intrinsicsize=\"16x16\" width=\"16\" height=\"16\"\/><br \/>\n                    Darty.com<\/p>\n<p>\n                149,99\u00a0\u20ac                    Neuf<\/p>\n<\/li>\n<\/ul>\n<p>\n            Fonctionnement du tableau de prix\n        <\/p>\n<p>\n\tD\u00e9sactivez votre bloqueur de publicit\u00e9s pour acc\u00e9der \u00e0 tous les liens ci-dessus.\n<\/p>\n<p class=\"ed__a-p ed__bdy__l\">Avec les Galaxy Buds3 FE, Samsung s\u2019adresse \u00e0 celles et ceux qui veulent profiter des derni\u00e8res technologies audio sans plomber leur budget. Annonc\u00e9s comme une synth\u00e8se des fonctions les plus pl\u00e9biscit\u00e9es de la gamme, ces nouveaux \u00e9couteurs misent sur l\u2019essentiel : confort, r\u00e9duction de bruit active, appels clairs, commandes gestuelles et int\u00e9gration pouss\u00e9e dans l\u2019\u00e9cosyst\u00e8me Galaxy. Reste \u00e0 voir ce que cela donne \u00e0 l\u2019usage.<\/p>\n<p>Galaxy Buds3 FE : un concentr\u00e9 d\u2019innovations au prix juste ?<\/p>\n<p class=\"ed__a-p ed__bdy__l\"><img loading=\"lazy\" decoding=\"async\" src=\"data:image\/svg+xml,%3Csvg xmlns='http:\/\/www.w3.org\/2000\/svg'%3E%3C\/svg%3E\" draggable=\"false\" width=\"2048\" height=\"1486\" class=\"ed__title-xxs\" alt=\"Les Galaxy Buds3 FE sont officiels.\" style=\"background-color: #f2f2f2; aspect-ratio:2048\/1486;\"\/><\/p>\n<p>Les Galaxy Buds3 FE sont officiels.<\/p>\n<p>\u00a9 Samsung<\/p>\n<\/p>\n<p>            Publicit\u00e9, votre contenu continue ci-dessous<\/p>\n<p>        Publicit\u00e9<\/p>\n<p class=\"ed__a-p ed__bdy__l\">Samsung \u00e9largit sa gamme d\u2019\u00e9couteurs sans fil avec les Galaxy Buds3 FE, un mod\u00e8le pens\u00e9 pour \u201cles fans\u201d, comprenez : pour le grand public qui souhaite une exp\u00e9rience moderne sans viser le tr\u00e8s haut de gamme.<\/p>\n<p class=\"ed__a-p ed__bdy__l\">C\u00f4t\u00e9 design, on retrouve une esth\u00e9tique \u00e9pur\u00e9e proche des <a href=\"https:\/\/www.lesnumeriques.com\/intra-ecouteur-true-wireless\/samsung-galaxy-buds3-pro-p75305\/test.html\" title=\"Samsung Galaxy Buds3 Pro : revirement \u00e0 tiges pour rester dans l\u2019excellence\" target=\"_blank\" rel=\"noopener\">Buds3 Pro<\/a>, avec une finition mate et quelques d\u00e9tails semi-transparents. Les tiges sont conserv\u00e9es, ce qui facilite les gestes tactiles : pincer pour mettre en pause, glisser pour ajuster le volume\u2026 Samsung mise sur une prise en main intuitive.<\/p>\n<p class=\"ed__a-p ed__bdy__l\">Le constructeur annonce un haut-parleur plus large que sur <a href=\"https:\/\/www.lesnumeriques.com\/intra-ecouteur-true-wireless\/samsung-galaxy-buds-fe-p74076\/test.html\" title=\"Samsung Galaxy Buds FE : plus que de simples \u00e9couteurs d&#039;entr\u00e9e de gamme\" target=\"_blank\" rel=\"noopener\">les pr\u00e9c\u00e9dents Buds FE<\/a>, cens\u00e9 offrir un son plus riche et \u00e9quilibr\u00e9. Comme souvent, la promesse est au rendez-vous sur le papier, avec des basses plus pr\u00e9sentes et des aigus \u201ccristallins\u201d, selon la marque. Idem pour la r\u00e9duction de bruit active (ANC), que Samsung dit avoir am\u00e9lior\u00e9e pour mieux isoler l\u2019utilisateur dans les environnements bruyants.<\/p>\n<p class=\"ed__a-p ed__bdy__l\">C\u00f4t\u00e9 appels, les Buds3 FE misent sur l\u2019intelligence artificielle pour isoler la voix de l\u2019utilisateur du bruit ambiant, et sur un placement de micros orient\u00e9s vers la bouche pour renforcer la clart\u00e9. L\u00e0 encore, des fonctionnalit\u00e9s qui restent \u00e0 \u00e9valuer \u00e0 l\u2019usage. L\u2019autonomie annonc\u00e9e est de 6 heures avec ANC (8,5 heures sans) et 24 ou 30 heures via l\u2019\u00e9tui de charge.<\/p>\n<p>            Publicit\u00e9, votre contenu continue ci-dessous<\/p>\n<p>        Publicit\u00e9<\/p>\n<p class=\"ed__a-p ed__bdy__l\"><img loading=\"lazy\" decoding=\"async\" src=\"data:image\/svg+xml,%3Csvg xmlns='http:\/\/www.w3.org\/2000\/svg'%3E%3C\/svg%3E\" draggable=\"false\" width=\"1000\" height=\"725\" class=\"ed__title-xxs\" alt=\"Deux \u00e9couteurs sans fil Samsung Galaxy Buds3 FE en l\u00e9vitation sur fond bleu, avec design en tige et finition noire mate\" style=\"background-color: #f2f2f2; aspect-ratio:1000\/725;\"\/><\/p>\n<p>Les Galaxy Buds3 FE adoptent un design \u00e0 tige in\u00e9dit pour la gamme, avec une finition mate minimaliste. Disponibles d\u00e8s le 4 septembre 2025, ils visent un public large avec un son annonc\u00e9 comme premium et des fonctions IA.<\/p>\n<p>\u00a9 Samsung<\/p>\n<\/p>\n<p class=\"ed__a-p ed__bdy__l\">L\u2019ergonomie est au centre de l\u2019exp\u00e9rience, avec un appairage simplifi\u00e9 gr\u00e2ce \u00e0 un bouton int\u00e9gr\u00e9 dans le bo\u00eetier de charge, et la compatibilit\u00e9 avec la fonction Auto Switch pour passer automatiquement d\u2019un appareil Galaxy \u00e0 un autre. Les Buds3 FE peuvent aussi interagir vocalement avec l\u2019assistant Gemini, ou \u00eatre utilis\u00e9s en tandem avec l\u2019application Interpr\u00e8te de Galaxy AI, pour les traductions en temps r\u00e9el \u2014 \u00e0 condition d\u2019avoir un <a href=\"https:\/\/www.lesnumeriques.com\/telephone-portable\/guide-achat-les-meilleurs-smartphones-samsung-g17.html\" title=\"Quel smartphone Samsung Galaxy choisir ? Nos avis !\" target=\"_blank\" rel=\"noopener\">smartphone Galaxy<\/a> compatible, bien s\u00fbr.<\/p>\n<p class=\"ed__a-p ed__bdy__l\">\u00c0 noter enfin que les Buds3 FE devraient b\u00e9n\u00e9ficier d\u2019une int\u00e9gration logicielle fluide dans l\u2019\u00e9cosyst\u00e8me Galaxy, avec, surtout, un acc\u00e8s direct aux param\u00e8tres depuis les appareils Samsung r\u00e9cents. Les Galaxy Buds3 FE seront disponibles en France \u00e0 partir du 4 septembre 2025, au tarif public conseill\u00e9 de 149,99\u202f\u20ac. Un positionnement strat\u00e9gique pour Samsung, qui cherche \u00e0 d\u00e9mocratiser l\u2019acc\u00e8s \u00e0 ses technologies audio les plus embl\u00e9matiques, sans sacrifier le design, ni l\u2019intelligence embarqu\u00e9e. Reste \u00e0 voir, \u00e0 l\u2019usage, si la promesse est tenue.<\/p>\n<p>            Publicit\u00e9, votre contenu continue ci-dessous<\/p>\n<p>        Publicit\u00e9<\/p>\n<p class=\"ed__a-p ed__bdy__l\">Envie de faire encore plus d&rsquo;\u00e9conomies ? D\u00e9couvrez <a href=\"https:\/\/www.lesnumeriques.com\/codes-promo.html\" target=\"_blank\" rel=\"noopener\">nos codes promo<\/a> s\u00e9lectionn\u00e9s pour vous.<\/p>\n","protected":false},"excerpt":{"rendered":"Samsung Galaxy Buds3 FE Fnac.com 149,99\u00a0\u20ac Neuf Boulanger.com 149,99\u00a0\u20ac Neuf Darty.com 149,99\u00a0\u20ac Neuf Fonctionnement du tableau de prix&hellip;\n","protected":false},"author":2,"featured_media":330510,"comment_status":"","ping_status":"","sticky":false,"template":"","format":"standard","meta":{"footnotes":""},"categories":[7],"tags":[1011,27,43,40,41,39,42,44],"class_list":{"0":"post-330509","1":"post","2":"type-post","3":"status-publish","4":"format-standard","5":"has-post-thumbnail","7":"category-sciences-et-technologies","8":"tag-fr","9":"tag-france","10":"tag-science","11":"tag-science-and-technology","12":"tag-sciences","13":"tag-sciences-et-technologies","14":"tag-technologies","15":"tag-technology"},"share_on_mastodon":{"url":"https:\/\/pubeurope.com\/@fr\/115058415085796190","error":""},"_links":{"self":[{"href":"https:\/\/www.europesays.com\/fr\/wp-json\/wp\/v2\/posts\/330509","targetHints":{"allow":["GET"]}}],"collection":[{"href":"https:\/\/www.europesays.com\/fr\/wp-json\/wp\/v2\/posts"}],"about":[{"href":"https:\/\/www.europesays.com\/fr\/wp-json\/wp\/v2\/types\/post"}],"author":[{"embeddable":true,"href":"https:\/\/www.europesays.com\/fr\/wp-json\/wp\/v2\/users\/2"}],"replies":[{"embeddable":true,"href":"https:\/\/www.europesays.com\/fr\/wp-json\/wp\/v2\/comments?post=330509"}],"version-history":[{"count":0,"href":"https:\/\/www.europesays.com\/fr\/wp-json\/wp\/v2\/posts\/330509\/revisions"}],"wp:featuredmedia":[{"embeddable":true,"href":"https:\/\/www.europesays.com\/fr\/wp-json\/wp\/v2\/media\/330510"}],"wp:attachment":[{"href":"https:\/\/www.europesays.com\/fr\/wp-json\/wp\/v2\/media?parent=330509"}],"wp:term":[{"taxonomy":"category","embeddable":true,"href":"https:\/\/www.europesays.com\/fr\/wp-json\/wp\/v2\/categories?post=330509"},{"taxonomy":"post_tag","embeddable":true,"href":"https:\/\/www.europesays.com\/fr\/wp-json\/wp\/v2\/tags?post=330509"}],"curies":[{"name":"wp","href":"https:\/\/api.w.org\/{rel}","templated":true}]}}