{"id":330511,"date":"2025-08-20T01:07:12","date_gmt":"2025-08-20T01:07:12","guid":{"rendered":"https:\/\/www.europesays.com\/fr\/330511\/"},"modified":"2025-08-20T01:07:12","modified_gmt":"2025-08-20T01:07:12","slug":"attention-cet-outil-de-bricolage-parkside-vendu-chez-lidl-ne-doit-surtout-pas-etre-utilise-il-est-dangereux","status":"publish","type":"post","link":"https:\/\/www.europesays.com\/fr\/330511\/","title":{"rendered":"Attention, cet outil de bricolage Parkside vendu chez Lidl ne doit surtout pas \u00eatre utilis\u00e9, il est dangereux !"},"content":{"rendered":"<p>Appr\u00e9ci\u00e9 pour sa facilit\u00e9 d\u2019utilisation et sa capacit\u00e9 \u00e0 mesurer rapidement la distance entre deux points, le t\u00e9l\u00e9m\u00e8tre laser Parkside est point\u00e9 du doigt. Selon la fiche de rappel publi\u00e9e sur le portail gouvernemental Rappel Conso, <strong>son laser serait potentiellement \u00ab\u00a0trop puissant\u00a0\u00bb<\/strong> et risquerait de provoquer des l\u00e9sions oculaires graves en cas de mauvaise manipulation.<\/p>\n<p><strong>La r\u00e9f\u00e9rence concern\u00e9e par ce rappel est la 470757_2407.<\/strong> Si vous poss\u00e9dez cet outil, une simple v\u00e9rification au dos de l\u2019appareil vous permettra de l\u2019identifier. La fiche signal\u00e9tique mentionne cette r\u00e9f\u00e9rence pr\u00e9cise, afin d\u2019\u00e9viter toute confusion avec un autre outil de la gamme Parkside.<\/p>\n<p>Face au danger que repr\u00e9sente ce t\u00e9l\u00e9m\u00e8tre, <a href=\"https:\/\/www.presse-citron.net\/lidl-frappe-un-grand-coup-et-lance-son-site-e-commerce\/\" target=\"_blank\" rel=\"noopener\">Lidl invite instamment tous ses clients<\/a> \u00e0 \u201ccesser imm\u00e9diatement son utilisation\u201d. Le discounter recommande de <strong>le rapporter sans attendre dans le magasin d\u2019achat afin d\u2019obtenir un remboursement.<\/strong> Un num\u00e9ro vert (008.00.54.35.54.35) a aussi \u00e9t\u00e9 mis \u00e0 disposition des consommateurs pour r\u00e9pondre \u00e0 toutes les interrogations concernant cette proc\u00e9dure de rappel, qui restera en vigueur jusqu\u2019au 15 octobre prochain.<\/p>\n<p> Quels risques pour les utilisateurs\u00a0? <\/p>\n<p>Ce rappel national a donc \u00e9t\u00e9 mis en place \u00e0 cause du danger que repr\u00e9sente le laser. Contrairement \u00e0 d\u2019autres incidents de la vie quotidienne, une l\u00e9sion caus\u00e9e par un rayon laser peut \u00eatre quasi instantan\u00e9e et, parfois, irr\u00e9versible. Les enfants, mais aussi les bricoleurs peu m\u00e9fiants, risquent d\u2019\u00eatre expos\u00e9s \u00e0 une puissance de laser sup\u00e9rieure \u00e0 la limite r\u00e9glementaire. Une telle exposition peut engendrer des br\u00fblures de la r\u00e9tine, troubles persistants de la vision, voire la perte partielle ou totale de la vue.<\/p>\n<p>L\u2019affaire de ce t\u00e9l\u00e9m\u00e8tre est loin d\u2019\u00eatre isol\u00e9e. R\u00e9guli\u00e8rement, le site Rappel Conso recense des produits, tous secteurs confondus, pr\u00e9sentant un danger pour la sant\u00e9 ou la s\u00e9curit\u00e9 publique. C\u2019est le cas aujourd\u2019hui avec cet outil Parkside, <a href=\"https:\/\/www.presse-citron.net\/plus-de-640-000-voitures-rappelees-pour-une-eventuelle-casse-moteur-verifiez-si-la-votre-est-concernee-avant-les-departs-en-vacances\/\" target=\"_blank\" rel=\"noopener\">mais cela touche aussi l\u2019automobile<\/a>, l\u2019agroalimentaire ou encore les jouets.<\/p>\n<p>Ce rappel permet par ailleurs de rappeler aux consommateurs qu\u2019il est important d\u2019\u00eatre vigilant sur la provenance et la conformit\u00e9 des produits achet\u00e9s, m\u00eame lorsqu\u2019il s\u2019agit de<a href=\"https:\/\/www.presse-citron.net\/pourquoi-le-patron-de-lidl-investit-une-somme-astronomique-dans-lia\/\" target=\"_blank\" rel=\"noopener\"> grandes enseignes r\u00e9put\u00e9es comme Lidl<\/a>. Les rappels d\u2019articles dangereux sont d\u00e9sormais annonc\u00e9s avec force illustrations et communications multi-canaux (sites sp\u00e9cialis\u00e9s, alertes SMS, signalements en magasin), mais la premi\u00e8re protection reste une information \u00e9clair\u00e9e et la v\u00e9rification attentive des produits utilis\u00e9s.<\/p>\n<p>Si vous faites partie des \u00e9tourdis, rassurez-vous\u00a0: les enseignes, \u00e0 commencer par Lidl, coop\u00e8rent g\u00e9n\u00e9ralement efficacement avec les autorit\u00e9s et offrent un <strong>remboursement sans condition, sans exiger de ticket de caisse ou de justificatif d\u2019achat,<\/strong> d\u00e8s lors que la r\u00e9f\u00e9rence du produit est clairement identifi\u00e9e.<\/p>\n<ul class=\"tldr\">\n<li>Un t\u00e9l\u00e9m\u00e8tre laser Parkside vendu chez Lidl est rappel\u00e9, car son laser peut \u00eatre dangereux pour les yeux.<\/li>\n<li>La r\u00e9f\u00e9rence concern\u00e9e est 470757_2407, \u00e0 v\u00e9rifier sur votre outil.<\/li>\n<li>Vous devez imp\u00e9rativement arr\u00eater son usage d\u00e8s maintenant, le rapporter au magasin pour remboursement, et informer son entourage du risque.<\/li>\n<\/ul>\n<blockquote>\n<p class=\"text-base text-neutral-700 dark:text-neutral-300\">\ud83d\udccd Pour ne manquer aucune actualit\u00e9 de Presse-citron, suivez-nous sur <a href=\"https:\/\/news.google.com\/publications\/CAAqBggKMIPiNTC70wU?hl=fr&amp;gl=FR&amp;ceid=FR%3Afr\" target=\"_blank\" rel=\"noopener\">Google Actualit\u00e9s<\/a> et <a href=\"https:\/\/whatsapp.com\/channel\/0029VaCkGuz4NViitBXbEr0b\" target=\"_blank\" rel=\"noopener\">WhatsApp<\/a>.<\/p>\n<\/blockquote>\n","protected":false},"excerpt":{"rendered":"Appr\u00e9ci\u00e9 pour sa facilit\u00e9 d\u2019utilisation et sa capacit\u00e9 \u00e0 mesurer rapidement la distance entre deux points, le t\u00e9l\u00e9m\u00e8tre&hellip;\n","protected":false},"author":2,"featured_media":330512,"comment_status":"","ping_status":"","sticky":false,"template":"","format":"standard","meta":{"footnotes":""},"categories":[6],"tags":[35,254,33,34,1011,27,1922,18542],"class_list":{"0":"post-330511","1":"post","2":"type-post","3":"status-publish","4":"format-standard","5":"has-post-thumbnail","7":"category-economie","8":"tag-business","9":"tag-conso","10":"tag-economie","11":"tag-economy","12":"tag-fr","13":"tag-france","14":"tag-info","15":"tag-lidl"},"share_on_mastodon":{"url":"https:\/\/pubeurope.com\/@fr\/115058418979813571","error":""},"_links":{"self":[{"href":"https:\/\/www.europesays.com\/fr\/wp-json\/wp\/v2\/posts\/330511","targetHints":{"allow":["GET"]}}],"collection":[{"href":"https:\/\/www.europesays.com\/fr\/wp-json\/wp\/v2\/posts"}],"about":[{"href":"https:\/\/www.europesays.com\/fr\/wp-json\/wp\/v2\/types\/post"}],"author":[{"embeddable":true,"href":"https:\/\/www.europesays.com\/fr\/wp-json\/wp\/v2\/users\/2"}],"replies":[{"embeddable":true,"href":"https:\/\/www.europesays.com\/fr\/wp-json\/wp\/v2\/comments?post=330511"}],"version-history":[{"count":0,"href":"https:\/\/www.europesays.com\/fr\/wp-json\/wp\/v2\/posts\/330511\/revisions"}],"wp:featuredmedia":[{"embeddable":true,"href":"https:\/\/www.europesays.com\/fr\/wp-json\/wp\/v2\/media\/330512"}],"wp:attachment":[{"href":"https:\/\/www.europesays.com\/fr\/wp-json\/wp\/v2\/media?parent=330511"}],"wp:term":[{"taxonomy":"category","embeddable":true,"href":"https:\/\/www.europesays.com\/fr\/wp-json\/wp\/v2\/categories?post=330511"},{"taxonomy":"post_tag","embeddable":true,"href":"https:\/\/www.europesays.com\/fr\/wp-json\/wp\/v2\/tags?post=330511"}],"curies":[{"name":"wp","href":"https:\/\/api.w.org\/{rel}","templated":true}]}}