{"id":330513,"date":"2025-08-20T01:08:12","date_gmt":"2025-08-20T01:08:12","guid":{"rendered":"https:\/\/www.europesays.com\/fr\/330513\/"},"modified":"2025-08-20T01:08:12","modified_gmt":"2025-08-20T01:08:12","slug":"une-miss-palestine-va-participer-a-miss-univers-une-premiere-dans-lhistoire-du-concours","status":"publish","type":"post","link":"https:\/\/www.europesays.com\/fr\/330513\/","title":{"rendered":"Une Miss Palestine va participer \u00e0 Miss Univers, une premi\u00e8re dans l&rsquo;histoire du concours"},"content":{"rendered":"<p>Nadeen Ayoub sera la premi\u00e8re candidate de l&rsquo;histoire de Miss Univers \u00e0 repr\u00e9senter la Palestine lors de l&rsquo;\u00e9dition 2025 du concours, pr\u00e9vue le 21 novembre prochain en Tha\u00eflande.<\/p>\n<p>Une participation historique et symbolique. Pour la premi\u00e8re fois dans l&rsquo;histoire de <a href=\"https:\/\/www.bfmtv.com\/people\/une-ancienne-candidate-russe-de-miss-univers-meurt-apres-avoir-ete-percutee-par-un-elan_AN-202508170208.html\" title=\"Une ancienne candidate russe de Miss Univers meurt apr\u00e8s avoir \u00e9t\u00e9 percut\u00e9e par un \u00e9lan\" class=\"internal_link\" rel=\"nofollow noopener\" target=\"_blank\">Miss Univers<\/a>, la Palestine sera repr\u00e9sent\u00e9e par une candidate, Nadeen Ayoub, lors de l&rsquo;\u00e9dition 2025 du concours, pr\u00e9vue le 21 novembre prochain en Tha\u00eflande.<\/p>\n<blockquote class=\"embed embed_quote\"><p>\u00ab\u00a0L&rsquo;organisation Miss Univers est fi\u00e8re d&rsquo;accueillir des d\u00e9l\u00e9gu\u00e9es du monde entier, c\u00e9l\u00e9brant la diversit\u00e9, les \u00e9changes culturels et l&rsquo;\u00e9mancipation des femmes\u00a0\u00bb, ont indiqu\u00e9 les organisateurs du concours dans un communiqu\u00e9 envoy\u00e9 au m\u00e9dia am\u00e9ricain <a href=\"https:\/\/edition.cnn.com\/2025\/08\/18\/style\/miss-universe-palestine-scli-intl\" target=\"_blank\" class=\"external_link\" rel=\"nofollow noopener\">CNN<\/a>.<\/p><\/blockquote>\n<p>\u00ab\u00a0Nadeen Ayoub, militante et mannequin accomplie originaire de Palestine, incarne la r\u00e9silience et la d\u00e9termination qui d\u00e9finissent notre plateforme\u00a0\u00bb, ont-ils ajout\u00e9.<\/p>\n<p>\u00ab\u00a0Je porte la voix d&rsquo;un peuple\u00a0\u00bb<\/p>\n<p>\u00c2g\u00e9e de 27 ans, Nadeen Ayoub, qui a grandi entre la Palestine, les \u00c9tats-Unis et le Canada et qui vit d\u00e9sormais entre Duba\u00ef et Ramallah, a \u00e9t\u00e9 couronn\u00e9e Miss Palestine en 2022.<\/p>\n<p>La jeune femme dipl\u00f4m\u00e9e en litt\u00e9rature et en psychologie a \u00e9galement cr\u00e9\u00e9 la <a href=\"https:\/\/www.olivegreenacademy.ae\/#team\" target=\"_blank\" class=\"external_link\" rel=\"nofollow noopener\">Olive Green Academy<\/a>, une formation bas\u00e9e \u00e0 Duba\u00ef pour aider \u00e0 la cr\u00e9ation de contenus sur les enjeux climatiques et l&rsquo;intelligence artificielle.<\/p>\n<p>Sur Instagram, Nadeen Ayoub s&rsquo;est r\u00e9jouie de sa s\u00e9lection \u00e0 Miss Univers, souhaitant \u00eatre, via sa candidature, un porte-parole du peuple palestinien.<\/p>\n<blockquote class=\"embed embed_quote\"><p>\u00ab\u00a0Alors que la Palestine endure des souffrances atroces, en particulier \u00e0 Gaza, je porte la voix d&rsquo;un peuple qui refuse d&rsquo;\u00eatre r\u00e9duit au silence. Je repr\u00e9sente toutes les femmes et tous les enfants palestiniens dont la force doit \u00eatre vue par le monde entier\u00a0\u00bb, a-t-elle assur\u00e9 sur Instagram.<\/p><\/blockquote>\n<p>\u00ab\u00a0Nous sommes plus que nos souffrances: nous sommes la r\u00e9silience, l&rsquo;espoir et le c\u0153ur battant d&rsquo;une patrie qui continue de vivre \u00e0 travers nous\u00a0\u00bb, a-t-elle ajout\u00e9.<\/p>\n<p>Nadeen Ayoub rejoint ainsi les plus de 130 candidates qui s&rsquo;affronteront lors de la 74e \u00e9dition de Miss Univers, le 21 novembre \u00e0 Bangkok, en Tha\u00eflande. En 2024, c&rsquo;\u00e9tait la <a href=\"https:\/\/www.bfmtv.com\/people\/miss-univers-2024-miss-danemark-couronnee-la-francaise-indira-ampiot-termine-dans-le-top-30_AN-202411170086.html\" title=\"Miss Univers 2024: Miss Danemark couronn\u00e9e, la Fran\u00e7aise Indira Ampiot termine dans le top 30\" class=\"internal_link\" rel=\"nofollow noopener\" target=\"_blank\">Miss Danemark<\/a>, Victoria Kj\u00e6r Theilvig, qui avait remport\u00e9 la couronne. La Fran\u00e7aise <a href=\"https:\/\/www.bfmtv.com\/people\/miss-univers-2024-la-francaise-indira-ampiot-decue-mais-quand-meme-fiere-de-son-classement_AN-202411170258.html\" title=\"Miss Univers 2024: la Fran\u00e7aise Indira Ampiot &quot;d\u00e9\u00e7ue&quot; mais &quot;quand m\u00eame fi\u00e8re&quot; de son classement\" class=\"internal_link\" rel=\"nofollow noopener\" target=\"_blank\">Indira Ampiot<\/a> avait termin\u00e9 dans le top 30.<\/p>\n","protected":false},"excerpt":{"rendered":"Nadeen Ayoub sera la premi\u00e8re candidate de l&rsquo;histoire de Miss Univers \u00e0 repr\u00e9senter la Palestine lors de l&rsquo;\u00e9dition&hellip;\n","protected":false},"author":2,"featured_media":330514,"comment_status":"","ping_status":"","sticky":false,"template":"","format":"standard","meta":{"footnotes":""},"categories":[5],"tags":[11,1011,27,14,12,28],"class_list":{"0":"post-330513","1":"post","2":"type-post","3":"status-publish","4":"format-standard","5":"has-post-thumbnail","7":"category-international","8":"tag-actualites","9":"tag-fr","10":"tag-france","11":"tag-international","12":"tag-news","13":"tag-world"},"share_on_mastodon":{"url":"https:\/\/pubeurope.com\/@fr\/115058422923787665","error":""},"_links":{"self":[{"href":"https:\/\/www.europesays.com\/fr\/wp-json\/wp\/v2\/posts\/330513","targetHints":{"allow":["GET"]}}],"collection":[{"href":"https:\/\/www.europesays.com\/fr\/wp-json\/wp\/v2\/posts"}],"about":[{"href":"https:\/\/www.europesays.com\/fr\/wp-json\/wp\/v2\/types\/post"}],"author":[{"embeddable":true,"href":"https:\/\/www.europesays.com\/fr\/wp-json\/wp\/v2\/users\/2"}],"replies":[{"embeddable":true,"href":"https:\/\/www.europesays.com\/fr\/wp-json\/wp\/v2\/comments?post=330513"}],"version-history":[{"count":0,"href":"https:\/\/www.europesays.com\/fr\/wp-json\/wp\/v2\/posts\/330513\/revisions"}],"wp:featuredmedia":[{"embeddable":true,"href":"https:\/\/www.europesays.com\/fr\/wp-json\/wp\/v2\/media\/330514"}],"wp:attachment":[{"href":"https:\/\/www.europesays.com\/fr\/wp-json\/wp\/v2\/media?parent=330513"}],"wp:term":[{"taxonomy":"category","embeddable":true,"href":"https:\/\/www.europesays.com\/fr\/wp-json\/wp\/v2\/categories?post=330513"},{"taxonomy":"post_tag","embeddable":true,"href":"https:\/\/www.europesays.com\/fr\/wp-json\/wp\/v2\/tags?post=330513"}],"curies":[{"name":"wp","href":"https:\/\/api.w.org\/{rel}","templated":true}]}}